{"id":47891,"date":"2024-10-08T00:03:49","date_gmt":"2024-10-08T05:03:49","guid":{"rendered":"https:\/\/politicosaldesnudo.com.mx\/?p=47891"},"modified":"2024-10-07T23:33:53","modified_gmt":"2024-10-08T04:33:53","slug":"preparan-plaza-de-todos-santos-en-tuxpan","status":"publish","type":"post","link":"https:\/\/politicosaldesnudo.com.mx\/index.php\/2024\/10\/08\/preparan-plaza-de-todos-santos-en-tuxpan\/","title":{"rendered":"Preparan Plaza de Todos Santos en Tuxpan"},"content":{"rendered":"<p><span style=\"font-size: 14pt;\">Ser\u00e1n 324 espacios los que se dispongan para los comerciantes locales y for\u00e1neos en la tradicional Plaza de Todos Santos en Tuxpan, que se llevar\u00e1 a cabo del 29 al 31 de octubre en el primer cuadro de la ciudad.\u00a0<\/span><\/p>\n<p><span style=\"font-size: 14pt;\">Al respecto, autoridades de comercio se\u00f1alaron que la dimensi\u00f3n de los espacios ser\u00e1 de 2 metros de largo por 2 metros de ancho y el costo de renta de 700 pesos, los cuales ya pueden ser solicitados en las oficinas de la Direcci\u00f3n de Comercio Municipal, ubicada en la Presidencia.\u00a0<\/span><\/p>\n<p><span style=\"font-size: 14pt;\">Se espera que la tradicional plaza deje una derrama econ\u00f3mica importante para el comercio local y atraiga la visita de propios y extra\u00f1os con el fin de preservar las actividades alusivas al D\u00eda de Muertos.\u00a0<\/span><\/p>\n","protected":false},"excerpt":{"rendered":"<p>Ser\u00e1n 324 espacios los que se dispongan para los comerciantes locales y for\u00e1neos en la tradicional Plaza de Todos Santos<\/p>\n","protected":false},"author":4,"featured_media":47892,"comment_status":"closed","ping_status":"closed","sticky":false,"template":"","format":"standard","meta":{"colormag_page_container_layout":"default_layout","colormag_page_sidebar_layout":"default_layout","_jetpack_memberships_contains_paid_content":false,"footnotes":"","jetpack_publicize_message":"","jetpack_publicize_feature_enabled":true,"jetpack_social_post_already_shared":false,"jetpack_social_options":{"image_generator_settings":{"template":"highway","default_image_id":0,"font":"","enabled":false},"version":2}},"categories":[1082],"tags":[],"class_list":["post-47891","post","type-post","status-publish","format-standard","has-post-thumbnail","hentry","category-tuxpan"],"jetpack_publicize_connections":[],"jetpack_featured_media_url":"https:\/\/i0.wp.com\/politicosaldesnudo.com.mx\/wp-content\/uploads\/2024\/10\/preparan-plaza-de-dia-de-muertos-en-tuxpan-557240.jpg?fit=800%2C600&ssl=1","jetpack-related-posts":[],"jetpack_sharing_enabled":true,"_links":{"self":[{"href":"https:\/\/politicosaldesnudo.com.mx\/index.php\/wp-json\/wp\/v2\/posts\/47891","targetHints":{"allow":["GET"]}}],"collection":[{"href":"https:\/\/politicosaldesnudo.com.mx\/index.php\/wp-json\/wp\/v2\/posts"}],"about":[{"href":"https:\/\/politicosaldesnudo.com.mx\/index.php\/wp-json\/wp\/v2\/types\/post"}],"author":[{"embeddable":true,"href":"https:\/\/politicosaldesnudo.com.mx\/index.php\/wp-json\/wp\/v2\/users\/4"}],"replies":[{"embeddable":true,"href":"https:\/\/politicosaldesnudo.com.mx\/index.php\/wp-json\/wp\/v2\/comments?post=47891"}],"version-history":[{"count":0,"href":"https:\/\/politicosaldesnudo.com.mx\/index.php\/wp-json\/wp\/v2\/posts\/47891\/revisions"}],"wp:featuredmedia":[{"embeddable":true,"href":"https:\/\/politicosaldesnudo.com.mx\/index.php\/wp-json\/wp\/v2\/media\/47892"}],"wp:attachment":[{"href":"https:\/\/politicosaldesnudo.com.mx\/index.php\/wp-json\/wp\/v2\/media?parent=47891"}],"wp:term":[{"taxonomy":"category","embeddable":true,"href":"https:\/\/politicosaldesnudo.com.mx\/index.php\/wp-json\/wp\/v2\/categories?post=47891"},{"taxonomy":"post_tag","embeddable":true,"href":"https:\/\/politicosaldesnudo.com.mx\/index.php\/wp-json\/wp\/v2\/tags?post=47891"}],"curies":[{"name":"wp","href":"https:\/\/api.w.org\/{rel}","templated":true}]}}