{"id":47918,"date":"2024-10-08T00:13:25","date_gmt":"2024-10-08T05:13:25","guid":{"rendered":"https:\/\/politicosaldesnudo.com.mx\/?p=47918"},"modified":"2024-10-07T23:54:55","modified_gmt":"2024-10-08T04:54:55","slug":"sheinbaum-dara-los-primeros-pasos-para-un-sistema-nacional-de-cuidados","status":"publish","type":"post","link":"https:\/\/politicosaldesnudo.com.mx\/index.php\/2024\/10\/08\/sheinbaum-dara-los-primeros-pasos-para-un-sistema-nacional-de-cuidados\/","title":{"rendered":"Sheinbaum dar\u00e1 los primeros pasos para un Sistema Nacional de Cuidados"},"content":{"rendered":"<p><span style=\"font-size: 14pt;\">El Sistema Nacional de Cuidados es uno de los grandes pendientes que se tiene con las mujeres en M\u00e9xico. El arranque del gobierno de Claudia Sheinbaum vino acompa\u00f1ado con la promesa de primeros pasos para empezar a saldar esa deuda hist\u00f3rica.\u00a0\u00a0<\/span><\/p>\n<p><span style=\"font-size: 14pt;\">Durante su discurso, en la plancha del Z\u00f3calo, en su primer d\u00eda de gobierno, la mandataria expres\u00f3 que ser\u00eda a trav\u00e9s del DIF en conjunto con el IMSS que el Sistema Nacional de Cuidados empezar\u00eda a ser realidad, s\u00f3lo que \u00e9ste se aplicar\u00eda de manera gradual.<\/span><\/p>\n","protected":false},"excerpt":{"rendered":"<p>El Sistema Nacional de Cuidados es uno de los grandes pendientes que se tiene con las mujeres en M\u00e9xico. El<\/p>\n","protected":false},"author":4,"featured_media":47919,"comment_status":"closed","ping_status":"closed","sticky":false,"template":"","format":"standard","meta":{"colormag_page_container_layout":"default_layout","colormag_page_sidebar_layout":"default_layout","_jetpack_memberships_contains_paid_content":false,"footnotes":"","jetpack_publicize_message":"","jetpack_publicize_feature_enabled":true,"jetpack_social_post_already_shared":false,"jetpack_social_options":{"image_generator_settings":{"template":"highway","default_image_id":0,"font":"","enabled":false},"version":2}},"categories":[2050],"tags":[],"class_list":["post-47918","post","type-post","status-publish","format-standard","has-post-thumbnail","hentry","category-economia"],"jetpack_publicize_connections":[],"jetpack_featured_media_url":"https:\/\/i0.wp.com\/politicosaldesnudo.com.mx\/wp-content\/uploads\/2024\/10\/6704a1ac460b7.jpeg?fit=756%2C472&ssl=1","jetpack-related-posts":[],"jetpack_sharing_enabled":true,"_links":{"self":[{"href":"https:\/\/politicosaldesnudo.com.mx\/index.php\/wp-json\/wp\/v2\/posts\/47918","targetHints":{"allow":["GET"]}}],"collection":[{"href":"https:\/\/politicosaldesnudo.com.mx\/index.php\/wp-json\/wp\/v2\/posts"}],"about":[{"href":"https:\/\/politicosaldesnudo.com.mx\/index.php\/wp-json\/wp\/v2\/types\/post"}],"author":[{"embeddable":true,"href":"https:\/\/politicosaldesnudo.com.mx\/index.php\/wp-json\/wp\/v2\/users\/4"}],"replies":[{"embeddable":true,"href":"https:\/\/politicosaldesnudo.com.mx\/index.php\/wp-json\/wp\/v2\/comments?post=47918"}],"version-history":[{"count":0,"href":"https:\/\/politicosaldesnudo.com.mx\/index.php\/wp-json\/wp\/v2\/posts\/47918\/revisions"}],"wp:featuredmedia":[{"embeddable":true,"href":"https:\/\/politicosaldesnudo.com.mx\/index.php\/wp-json\/wp\/v2\/media\/47919"}],"wp:attachment":[{"href":"https:\/\/politicosaldesnudo.com.mx\/index.php\/wp-json\/wp\/v2\/media?parent=47918"}],"wp:term":[{"taxonomy":"category","embeddable":true,"href":"https:\/\/politicosaldesnudo.com.mx\/index.php\/wp-json\/wp\/v2\/categories?post=47918"},{"taxonomy":"post_tag","embeddable":true,"href":"https:\/\/politicosaldesnudo.com.mx\/index.php\/wp-json\/wp\/v2\/tags?post=47918"}],"curies":[{"name":"wp","href":"https:\/\/api.w.org\/{rel}","templated":true}]}}