{"id":47928,"date":"2024-10-08T00:14:49","date_gmt":"2024-10-08T05:14:49","guid":{"rendered":"https:\/\/politicosaldesnudo.com.mx\/?p=47928"},"modified":"2024-10-08T00:14:49","modified_gmt":"2024-10-08T05:14:49","slug":"colombia-registra-inflacion-de-0-24-en-septiembre","status":"publish","type":"post","link":"https:\/\/politicosaldesnudo.com.mx\/index.php\/2024\/10\/08\/colombia-registra-inflacion-de-0-24-en-septiembre\/","title":{"rendered":"Colombia registra inflaci\u00f3n de 0.24% en septiembre"},"content":{"rendered":"<p><span style=\"font-size: 14pt;\">Colombia registr\u00f3 una\u00a0inflaci\u00f3n de 0.24% septiembre, un dato por debajo de lo esperado por el mercado, impulsada por los costos de la educaci\u00f3n, los restaurantes y hoteles, as\u00ed como los de la salud y el transporte, inform\u00f3 el lunes el estatal Departamento Nacional de Estad\u00edsticas (DANE).<\/span><\/p>\n<ul>\n<li><span style=\"font-size: 14pt;\">La cifra del noveno mes se\u00a0compar\u00f3 con un alza\u00a0de 0.54% en septiembre del a\u00f1o pasado y de cero en agosto del 2024.<\/span><\/li>\n<\/ul>\n<p><span style=\"font-size: 14pt;\">Seg\u00fan la mediana de un sondeo de Reuters, el mercado esperaba una inflaci\u00f3n de 0.26% para el noveno mes de este a\u00f1o.<\/span><\/p>\n<p><span style=\"font-size: 14pt;\">El comportamiento de septiembre se explic\u00f3 por un alza de 1.93% en los precios de la educaci\u00f3n, de 0.49% en los restaurantes y hoteles, de 0.29% en los de la salud y de 0.24% en los del transporte.<\/span><\/p>\n<p><span style=\"font-size: 14pt;\">Los\u00a0precios de los alimentos, los que m\u00e1s pesan en el c\u00e1lculo del indicador, subieron un 0.11% en septiembre, precis\u00f3 el reporte del DANE.<\/span><\/p>\n<p><span style=\"font-size: 14pt;\">En contraste, los costos de la recreaci\u00f3n y la cultura bajaron un 0.26% en septiembre.<\/span><\/p>\n<p><span style=\"font-size: 14pt;\">En el\u00a0acumulado entre enero y septiembre, el pa\u00eds sudamericano acumul\u00f3 una inflaci\u00f3n de 4.58%, en comparaci\u00f3n con una de 8.01% en el mismo periodo del 2023.<\/span><\/p>\n<p><span style=\"font-size: 14pt;\">En tanto, en los \u00faltimos 12 meses hasta septiembre, la inflaci\u00f3n del pa\u00eds marc\u00f3 un 5.81%, frente a una de 10.99% en igual lapso del a\u00f1o previo, aunque sigue por encima de la meta de largo plazo del Banco Central, de 3 por ciento.<\/span><\/p>\n<p><span style=\"font-size: 14pt;\">La disminuci\u00f3n de la inflaci\u00f3n fue el principal argumento por el que el Banco Central baj\u00f3 su tasa de inter\u00e9s de referencia en 50 puntos base en su reuni\u00f3n de finales de septiembre a un 10.25%, acumulando un recorte de 275 puntos base desde que inici\u00f3 el actual ciclo monetario en diciembre pasado, en busca de impulsar la recuperaci\u00f3n de la econom\u00eda.<\/span><\/p>\n","protected":false},"excerpt":{"rendered":"<p>Colombia registr\u00f3 una\u00a0inflaci\u00f3n de 0.24% septiembre, un dato por debajo de lo esperado por el mercado, impulsada por los costos<\/p>\n","protected":false},"author":4,"featured_media":47929,"comment_status":"closed","ping_status":"closed","sticky":false,"template":"","format":"standard","meta":{"colormag_page_container_layout":"default_layout","colormag_page_sidebar_layout":"default_layout","_jetpack_memberships_contains_paid_content":false,"footnotes":"","jetpack_publicize_message":"","jetpack_publicize_feature_enabled":true,"jetpack_social_post_already_shared":false,"jetpack_social_options":{"image_generator_settings":{"template":"highway","default_image_id":0,"font":"","enabled":false},"version":2}},"categories":[2050],"tags":[],"class_list":["post-47928","post","type-post","status-publish","format-standard","has-post-thumbnail","hentry","category-economia"],"jetpack_publicize_connections":[],"jetpack_featured_media_url":"https:\/\/i0.wp.com\/politicosaldesnudo.com.mx\/wp-content\/uploads\/2024\/10\/670481ef149cc.png?fit=1000%2C703&ssl=1","jetpack-related-posts":[],"jetpack_sharing_enabled":true,"_links":{"self":[{"href":"https:\/\/politicosaldesnudo.com.mx\/index.php\/wp-json\/wp\/v2\/posts\/47928","targetHints":{"allow":["GET"]}}],"collection":[{"href":"https:\/\/politicosaldesnudo.com.mx\/index.php\/wp-json\/wp\/v2\/posts"}],"about":[{"href":"https:\/\/politicosaldesnudo.com.mx\/index.php\/wp-json\/wp\/v2\/types\/post"}],"author":[{"embeddable":true,"href":"https:\/\/politicosaldesnudo.com.mx\/index.php\/wp-json\/wp\/v2\/users\/4"}],"replies":[{"embeddable":true,"href":"https:\/\/politicosaldesnudo.com.mx\/index.php\/wp-json\/wp\/v2\/comments?post=47928"}],"version-history":[{"count":0,"href":"https:\/\/politicosaldesnudo.com.mx\/index.php\/wp-json\/wp\/v2\/posts\/47928\/revisions"}],"wp:featuredmedia":[{"embeddable":true,"href":"https:\/\/politicosaldesnudo.com.mx\/index.php\/wp-json\/wp\/v2\/media\/47929"}],"wp:attachment":[{"href":"https:\/\/politicosaldesnudo.com.mx\/index.php\/wp-json\/wp\/v2\/media?parent=47928"}],"wp:term":[{"taxonomy":"category","embeddable":true,"href":"https:\/\/politicosaldesnudo.com.mx\/index.php\/wp-json\/wp\/v2\/categories?post=47928"},{"taxonomy":"post_tag","embeddable":true,"href":"https:\/\/politicosaldesnudo.com.mx\/index.php\/wp-json\/wp\/v2\/tags?post=47928"}],"curies":[{"name":"wp","href":"https:\/\/api.w.org\/{rel}","templated":true}]}}