{"id":47934,"date":"2024-10-08T00:18:35","date_gmt":"2024-10-08T05:18:35","guid":{"rendered":"https:\/\/politicosaldesnudo.com.mx\/?p=47934"},"modified":"2024-10-08T00:18:35","modified_gmt":"2024-10-08T05:18:35","slug":"scjn-desecha-proyectos-que-buscaban-impedir-revision-de-reforma-judicial","status":"publish","type":"post","link":"https:\/\/politicosaldesnudo.com.mx\/index.php\/2024\/10\/08\/scjn-desecha-proyectos-que-buscaban-impedir-revision-de-reforma-judicial\/","title":{"rendered":"SCJN desecha proyectos que buscaban impedir revisi\u00f3n de Reforma Judicial"},"content":{"rendered":"<p><span style=\"font-size: 14pt;\">Por mayor\u00eda de votos, el Pleno de la\u00a0Suprema Corte de Justicia de la Naci\u00f3n\u00a0(SCJN) desech\u00f3 los proyectos de las ministras\u00a0Yasm\u00edn Esquivel Mossa y Lenia Batres Guadarrama, que propon\u00edan no dar tr\u00e1mite a las\u00a0suspensiones otorgadas\u00a0por jueces a quejosos que buscan\u00a0frenar la elecci\u00f3n de impartidores de justicia el pr\u00f3ximo a\u00f1o; ahora tocar\u00e1 a otro ministro evaluar las impugnaciones y proponer otro proyecto de revisi\u00f3n.<\/span><\/p>\n<p><span style=\"font-size: 14pt;\">\u00abLa suspensi\u00f3n resultar\u00eda improcedente porque los antecedentes del asunto (Reforma Judicial)\u00a0se advierte que lo que se pretende impugnar es una reforma constitucional; no procede el amparo y tampoco la suspensi\u00f3n\u00bb, argument\u00f3\u00a0Lenia Batres\u00a0en la presentaci\u00f3n del proyecto.<\/span><\/p>\n<p><span style=\"font-size: 14pt;\">En los proyectos presentados y elaborados por las ministras se expone que\u00a0la SCJN es competente s\u00f3lo de conocer la petici\u00f3n de los jueces; sin embargo, enfatizan que\u00a0no tiene facultades para ir en contra de la Reforma Judicial.<\/span><\/p>\n","protected":false},"excerpt":{"rendered":"<p>Por mayor\u00eda de votos, el Pleno de la\u00a0Suprema Corte de Justicia de la Naci\u00f3n\u00a0(SCJN) desech\u00f3 los proyectos de las ministras\u00a0Yasm\u00edn<\/p>\n","protected":false},"author":4,"featured_media":47935,"comment_status":"closed","ping_status":"closed","sticky":false,"template":"","format":"standard","meta":{"colormag_page_container_layout":"default_layout","colormag_page_sidebar_layout":"default_layout","_jetpack_memberships_contains_paid_content":false,"footnotes":"","jetpack_publicize_message":"","jetpack_publicize_feature_enabled":true,"jetpack_social_post_already_shared":false,"jetpack_social_options":{"image_generator_settings":{"template":"highway","default_image_id":0,"font":"","enabled":false},"version":2}},"categories":[33],"tags":[],"class_list":["post-47934","post","type-post","status-publish","format-standard","has-post-thumbnail","hentry","category-nacional"],"jetpack_publicize_connections":[],"jetpack_featured_media_url":"https:\/\/i0.wp.com\/politicosaldesnudo.com.mx\/wp-content\/uploads\/2024\/10\/SCJN-desecha-proyectos-que-buscaban-impedir-revision-de-Reforma-Judicial.png?fit=768%2C479&ssl=1","jetpack-related-posts":[],"jetpack_sharing_enabled":true,"_links":{"self":[{"href":"https:\/\/politicosaldesnudo.com.mx\/index.php\/wp-json\/wp\/v2\/posts\/47934","targetHints":{"allow":["GET"]}}],"collection":[{"href":"https:\/\/politicosaldesnudo.com.mx\/index.php\/wp-json\/wp\/v2\/posts"}],"about":[{"href":"https:\/\/politicosaldesnudo.com.mx\/index.php\/wp-json\/wp\/v2\/types\/post"}],"author":[{"embeddable":true,"href":"https:\/\/politicosaldesnudo.com.mx\/index.php\/wp-json\/wp\/v2\/users\/4"}],"replies":[{"embeddable":true,"href":"https:\/\/politicosaldesnudo.com.mx\/index.php\/wp-json\/wp\/v2\/comments?post=47934"}],"version-history":[{"count":0,"href":"https:\/\/politicosaldesnudo.com.mx\/index.php\/wp-json\/wp\/v2\/posts\/47934\/revisions"}],"wp:featuredmedia":[{"embeddable":true,"href":"https:\/\/politicosaldesnudo.com.mx\/index.php\/wp-json\/wp\/v2\/media\/47935"}],"wp:attachment":[{"href":"https:\/\/politicosaldesnudo.com.mx\/index.php\/wp-json\/wp\/v2\/media?parent=47934"}],"wp:term":[{"taxonomy":"category","embeddable":true,"href":"https:\/\/politicosaldesnudo.com.mx\/index.php\/wp-json\/wp\/v2\/categories?post=47934"},{"taxonomy":"post_tag","embeddable":true,"href":"https:\/\/politicosaldesnudo.com.mx\/index.php\/wp-json\/wp\/v2\/tags?post=47934"}],"curies":[{"name":"wp","href":"https:\/\/api.w.org\/{rel}","templated":true}]}}