{"id":47937,"date":"2024-10-08T00:20:20","date_gmt":"2024-10-08T05:20:20","guid":{"rendered":"https:\/\/politicosaldesnudo.com.mx\/?p=47937"},"modified":"2024-10-08T00:20:20","modified_gmt":"2024-10-08T05:20:20","slug":"rinden-homenaje-postumo-a-ifigenia-martinez-pionera-de-la-izquierda-mexicana-en-san-lazaro","status":"publish","type":"post","link":"https:\/\/politicosaldesnudo.com.mx\/index.php\/2024\/10\/08\/rinden-homenaje-postumo-a-ifigenia-martinez-pionera-de-la-izquierda-mexicana-en-san-lazaro\/","title":{"rendered":"Rinden homenaje p\u00f3stumo a Ifigenia Mart\u00ednez, pionera de la izquierda mexicana, en San L\u00e1zaro"},"content":{"rendered":"<div>\n<div id=\"content-body-225-12669283\">\n<p><span style=\"font-size: 14pt;\">Con un\u00a0homenaje de cuerpo presente en San L\u00e1zaro, diputados federales, senadores e invitados especiales dieron el\u00a0\u00faltimo adi\u00f3s\u00a0a la\u00a0maestra\u00a0Ifigenia Mart\u00ednez,\u00a0presidenta de la Mesa Directiva\u00a0de la C\u00e1mara de Diputados.<\/span><\/p>\n<p><span style=\"font-size: 14pt;\">Sus compa\u00f1eros legisladores le rindieron un sentido homenaje este lunes, luego que el\u00a0f\u00e9retro con los restos mortales\u00a0de la\u00a0legisladora, pol\u00edtica, acad\u00e9mica y luchadora social\u00a0ingresaron al recinto legislativo a las 12:00 horas.<\/span><\/p>\n<\/div>\n<\/div>\n<div>\n<div id=\"dfp-nota-1x3s\" data-google-query-id=\"CPWGmbGE_ogDFeZWCQkdmDYCag\">\n<div id=\"google_ads_iframe_\/2000002\/la-prensa\/mexico_nota_1x3_0__container__\"><span style=\"font-size: 14pt;\">Al inicio del homenaje p\u00f3stumo, los legisladores guardaron un minuto de silencio\u00a0en honor de la diputada y proyectaron un video con una semblanza de la trayectoria pol\u00edtica de Mart\u00ednez.<\/span><\/div>\n<\/div>\n<\/div>\n","protected":false},"excerpt":{"rendered":"<p>Con un\u00a0homenaje de cuerpo presente en San L\u00e1zaro, diputados federales, senadores e invitados especiales dieron el\u00a0\u00faltimo adi\u00f3s\u00a0a la\u00a0maestra\u00a0Ifigenia Mart\u00ednez,\u00a0presidenta de<\/p>\n","protected":false},"author":4,"featured_media":47938,"comment_status":"closed","ping_status":"closed","sticky":false,"template":"","format":"standard","meta":{"colormag_page_container_layout":"default_layout","colormag_page_sidebar_layout":"default_layout","_jetpack_memberships_contains_paid_content":false,"footnotes":"","jetpack_publicize_message":"","jetpack_publicize_feature_enabled":true,"jetpack_social_post_already_shared":false,"jetpack_social_options":{"image_generator_settings":{"template":"highway","default_image_id":0,"font":"","enabled":false},"version":2}},"categories":[33],"tags":[],"class_list":["post-47937","post","type-post","status-publish","format-standard","has-post-thumbnail","hentry","category-nacional"],"jetpack_publicize_connections":[],"jetpack_featured_media_url":"https:\/\/i0.wp.com\/politicosaldesnudo.com.mx\/wp-content\/uploads\/2024\/10\/Homenaje-a-Ifigenia-Martinez-en-San-Lazaro_01.jpg?fit=768%2C479&ssl=1","jetpack-related-posts":[],"jetpack_sharing_enabled":true,"_links":{"self":[{"href":"https:\/\/politicosaldesnudo.com.mx\/index.php\/wp-json\/wp\/v2\/posts\/47937","targetHints":{"allow":["GET"]}}],"collection":[{"href":"https:\/\/politicosaldesnudo.com.mx\/index.php\/wp-json\/wp\/v2\/posts"}],"about":[{"href":"https:\/\/politicosaldesnudo.com.mx\/index.php\/wp-json\/wp\/v2\/types\/post"}],"author":[{"embeddable":true,"href":"https:\/\/politicosaldesnudo.com.mx\/index.php\/wp-json\/wp\/v2\/users\/4"}],"replies":[{"embeddable":true,"href":"https:\/\/politicosaldesnudo.com.mx\/index.php\/wp-json\/wp\/v2\/comments?post=47937"}],"version-history":[{"count":0,"href":"https:\/\/politicosaldesnudo.com.mx\/index.php\/wp-json\/wp\/v2\/posts\/47937\/revisions"}],"wp:featuredmedia":[{"embeddable":true,"href":"https:\/\/politicosaldesnudo.com.mx\/index.php\/wp-json\/wp\/v2\/media\/47938"}],"wp:attachment":[{"href":"https:\/\/politicosaldesnudo.com.mx\/index.php\/wp-json\/wp\/v2\/media?parent=47937"}],"wp:term":[{"taxonomy":"category","embeddable":true,"href":"https:\/\/politicosaldesnudo.com.mx\/index.php\/wp-json\/wp\/v2\/categories?post=47937"},{"taxonomy":"post_tag","embeddable":true,"href":"https:\/\/politicosaldesnudo.com.mx\/index.php\/wp-json\/wp\/v2\/tags?post=47937"}],"curies":[{"name":"wp","href":"https:\/\/api.w.org\/{rel}","templated":true}]}}