{"id":47940,"date":"2024-10-09T00:00:48","date_gmt":"2024-10-09T05:00:48","guid":{"rendered":"https:\/\/politicosaldesnudo.com.mx\/?p=47940"},"modified":"2024-10-08T23:46:18","modified_gmt":"2024-10-09T04:46:18","slug":"analiza-nahle-candidatos-a-la-secretaria-de-seguridad-de-veracruz","status":"publish","type":"post","link":"https:\/\/politicosaldesnudo.com.mx\/index.php\/2024\/10\/09\/analiza-nahle-candidatos-a-la-secretaria-de-seguridad-de-veracruz\/","title":{"rendered":"Analiza Nahle candidatos a la Secretar\u00eda de Seguridad de Veracruz"},"content":{"rendered":"<p><span style=\"font-size: 14pt;\">Tras confirmar ya los nombres de quienes estar\u00e1n en algunas secretar\u00edas estatales, la Gobernadora Electa de Veracruz, Roc\u00edo Nahle Garc\u00eda mencion\u00f3 que est\u00e1 en coordinaci\u00f3n con el Secretario de Seguridad, Omar Garc\u00eda Harfuch para estar en la misma sinton\u00eda de la estrategia nacional y poder asignar en Veracruz a un Secretario de Seguridad P\u00fablica acorde a esta nueva restructuraci\u00f3n.<\/span><\/p>\n<p><span style=\"font-size: 14pt;\">Mencion\u00f3 que incluso est\u00e1 en contacto con autoridades del Gobierno de Yucat\u00e1n, al ser considerado el Estado m\u00e1s seguro del pa\u00eds, y el cual tendr\u00e1 a bien asesorar y compartir con Veracruz la estrategia de seguridad para seguir inhibiendo los delitos en la entidad.<\/span><\/p>\n<p><span style=\"font-size: 14pt;\">A\u00f1adi\u00f3 que la atenci\u00f3n a la Seguridad, va de la mano con la mejora de salarios y condiciones tanto de las polic\u00edas como de las dependencias estatales encargadas en la impartici\u00f3n de justicia, para evitar que se desv\u00eden, por lo que ya se revis\u00f3 el presupuesto en este rubro , adelantando que tendr\u00e1 un importante aumento.<\/span><\/p>\n","protected":false},"excerpt":{"rendered":"<p>Tras confirmar ya los nombres de quienes estar\u00e1n en algunas secretar\u00edas estatales, la Gobernadora Electa de Veracruz, Roc\u00edo Nahle Garc\u00eda<\/p>\n","protected":false},"author":4,"featured_media":47941,"comment_status":"closed","ping_status":"closed","sticky":false,"template":"","format":"standard","meta":{"colormag_page_container_layout":"default_layout","colormag_page_sidebar_layout":"default_layout","_jetpack_memberships_contains_paid_content":false,"footnotes":"","jetpack_publicize_message":"","jetpack_publicize_feature_enabled":true,"jetpack_social_post_already_shared":false,"jetpack_social_options":{"image_generator_settings":{"template":"highway","default_image_id":0,"font":"","enabled":false},"version":2}},"categories":[1082],"tags":[],"class_list":["post-47940","post","type-post","status-publish","format-standard","has-post-thumbnail","hentry","category-tuxpan"],"jetpack_publicize_connections":[],"jetpack_featured_media_url":"https:\/\/i0.wp.com\/politicosaldesnudo.com.mx\/wp-content\/uploads\/2024\/10\/analiza-nahle-candidatos-a-la-secretaria-de-seguridad-de-veracruz-557721.jpg?fit=800%2C600&ssl=1","jetpack-related-posts":[],"jetpack_sharing_enabled":true,"_links":{"self":[{"href":"https:\/\/politicosaldesnudo.com.mx\/index.php\/wp-json\/wp\/v2\/posts\/47940","targetHints":{"allow":["GET"]}}],"collection":[{"href":"https:\/\/politicosaldesnudo.com.mx\/index.php\/wp-json\/wp\/v2\/posts"}],"about":[{"href":"https:\/\/politicosaldesnudo.com.mx\/index.php\/wp-json\/wp\/v2\/types\/post"}],"author":[{"embeddable":true,"href":"https:\/\/politicosaldesnudo.com.mx\/index.php\/wp-json\/wp\/v2\/users\/4"}],"replies":[{"embeddable":true,"href":"https:\/\/politicosaldesnudo.com.mx\/index.php\/wp-json\/wp\/v2\/comments?post=47940"}],"version-history":[{"count":0,"href":"https:\/\/politicosaldesnudo.com.mx\/index.php\/wp-json\/wp\/v2\/posts\/47940\/revisions"}],"wp:featuredmedia":[{"embeddable":true,"href":"https:\/\/politicosaldesnudo.com.mx\/index.php\/wp-json\/wp\/v2\/media\/47941"}],"wp:attachment":[{"href":"https:\/\/politicosaldesnudo.com.mx\/index.php\/wp-json\/wp\/v2\/media?parent=47940"}],"wp:term":[{"taxonomy":"category","embeddable":true,"href":"https:\/\/politicosaldesnudo.com.mx\/index.php\/wp-json\/wp\/v2\/categories?post=47940"},{"taxonomy":"post_tag","embeddable":true,"href":"https:\/\/politicosaldesnudo.com.mx\/index.php\/wp-json\/wp\/v2\/tags?post=47940"}],"curies":[{"name":"wp","href":"https:\/\/api.w.org\/{rel}","templated":true}]}}