{"id":47943,"date":"2024-10-09T00:01:38","date_gmt":"2024-10-09T05:01:38","guid":{"rendered":"https:\/\/politicosaldesnudo.com.mx\/?p=47943"},"modified":"2024-10-08T23:49:43","modified_gmt":"2024-10-09T04:49:43","slug":"llama-ivea-a-liberar-servicio-social-como-asesor-honorifico","status":"publish","type":"post","link":"https:\/\/politicosaldesnudo.com.mx\/index.php\/2024\/10\/09\/llama-ivea-a-liberar-servicio-social-como-asesor-honorifico\/","title":{"rendered":"Llama IVEA a liberar servicio social como asesor honor\u00edfico"},"content":{"rendered":"<p><span style=\"font-size: 14pt;\">Representantes del Instituto Veracruzano para la Educaci\u00f3n de los Adultos, de la Coordinaci\u00f3n Tuxpan, se\u00f1alaron que con la aplicaci\u00f3n de la estrategia del Movimiento Nacional por la Alfabetizaci\u00f3n y la Educaci\u00f3n, j\u00f3venes universitarios podr\u00e1n liberar su servicio social como asesores en el Instituto.<\/span><\/p>\n<p><span style=\"font-size: 14pt;\">Al respecto, Bibiano Herrera G\u00f3mez, T\u00e9cnico Docente del Instituto, se\u00f1al\u00f3 que la labor consiste en colaborar en el combate al rezago educativo a trav\u00e9s de la promoci\u00f3n de los servicios del IVEA, as\u00ed como el apoyo en la alfabetizaci\u00f3n de los estudiantes del Instituto como asesores honor\u00edficos en sesiones de apoyo a la semana presenciales o en l\u00ednea.\u00a0<\/span><\/p>\n<p><span style=\"font-size: 14pt;\">Indic\u00f3 que para los interesados en liberar el servicio social en el Instituto, deber\u00e1n acercarse a las oficinas ubicadas en Calle Gonzales Ortega N\u00famero 22, colonia Centro para recibir la capacitaci\u00f3n y llevar a cabo el registro correspondiente, as\u00ed como presentar su acta de nacimiento y la CURP.\u00a0\u00a0<\/span><\/p>\n","protected":false},"excerpt":{"rendered":"<p>Representantes del Instituto Veracruzano para la Educaci\u00f3n de los Adultos, de la Coordinaci\u00f3n Tuxpan, se\u00f1alaron que con la aplicaci\u00f3n de<\/p>\n","protected":false},"author":4,"featured_media":47944,"comment_status":"closed","ping_status":"closed","sticky":false,"template":"","format":"standard","meta":{"colormag_page_container_layout":"default_layout","colormag_page_sidebar_layout":"default_layout","_jetpack_memberships_contains_paid_content":false,"footnotes":"","jetpack_publicize_message":"","jetpack_publicize_feature_enabled":true,"jetpack_social_post_already_shared":false,"jetpack_social_options":{"image_generator_settings":{"template":"highway","default_image_id":0,"font":"","enabled":false},"version":2}},"categories":[1082],"tags":[],"class_list":["post-47943","post","type-post","status-publish","format-standard","has-post-thumbnail","hentry","category-tuxpan"],"jetpack_publicize_connections":[],"jetpack_featured_media_url":"https:\/\/i0.wp.com\/politicosaldesnudo.com.mx\/wp-content\/uploads\/2024\/10\/llama-ivea-a-liberara-servicios-social-como-asesor-honorifico-557715.jpg?fit=800%2C600&ssl=1","jetpack-related-posts":[],"jetpack_sharing_enabled":true,"_links":{"self":[{"href":"https:\/\/politicosaldesnudo.com.mx\/index.php\/wp-json\/wp\/v2\/posts\/47943","targetHints":{"allow":["GET"]}}],"collection":[{"href":"https:\/\/politicosaldesnudo.com.mx\/index.php\/wp-json\/wp\/v2\/posts"}],"about":[{"href":"https:\/\/politicosaldesnudo.com.mx\/index.php\/wp-json\/wp\/v2\/types\/post"}],"author":[{"embeddable":true,"href":"https:\/\/politicosaldesnudo.com.mx\/index.php\/wp-json\/wp\/v2\/users\/4"}],"replies":[{"embeddable":true,"href":"https:\/\/politicosaldesnudo.com.mx\/index.php\/wp-json\/wp\/v2\/comments?post=47943"}],"version-history":[{"count":0,"href":"https:\/\/politicosaldesnudo.com.mx\/index.php\/wp-json\/wp\/v2\/posts\/47943\/revisions"}],"wp:featuredmedia":[{"embeddable":true,"href":"https:\/\/politicosaldesnudo.com.mx\/index.php\/wp-json\/wp\/v2\/media\/47944"}],"wp:attachment":[{"href":"https:\/\/politicosaldesnudo.com.mx\/index.php\/wp-json\/wp\/v2\/media?parent=47943"}],"wp:term":[{"taxonomy":"category","embeddable":true,"href":"https:\/\/politicosaldesnudo.com.mx\/index.php\/wp-json\/wp\/v2\/categories?post=47943"},{"taxonomy":"post_tag","embeddable":true,"href":"https:\/\/politicosaldesnudo.com.mx\/index.php\/wp-json\/wp\/v2\/tags?post=47943"}],"curies":[{"name":"wp","href":"https:\/\/api.w.org\/{rel}","templated":true}]}}