{"id":47969,"date":"2024-10-09T00:08:47","date_gmt":"2024-10-09T05:08:47","guid":{"rendered":"https:\/\/politicosaldesnudo.com.mx\/?p=47969"},"modified":"2024-10-09T00:08:47","modified_gmt":"2024-10-09T05:08:47","slug":"ternium-instalara-en-pesqueria-la-primera-planta-de-acero-con-horno-electrico-y-reduccion-directa-a-nivel-global","status":"publish","type":"post","link":"https:\/\/politicosaldesnudo.com.mx\/index.php\/2024\/10\/09\/ternium-instalara-en-pesqueria-la-primera-planta-de-acero-con-horno-electrico-y-reduccion-directa-a-nivel-global\/","title":{"rendered":"Ternium instalar\u00e1 en Pesquer\u00eda la primera planta de acero con horno el\u00e9ctrico y reducci\u00f3n directa a nivel global"},"content":{"rendered":"<p><span style=\"font-size: 14pt;\">El CEO de Ternium, M\u00e1ximo Vedoya, anunci\u00f3 que en el complejo acerero de\u00a0Pesquer\u00eda, Nuevo Le\u00f3n, se instalar\u00e1 la primera planta con horno el\u00e9ctrico y tecnolog\u00eda de reducci\u00f3n directa para producir aceros especializados como los que demanda la industria automotriz y al mismo tiempo reducir\u00e1 las emisiones de CO2 en m\u00e1s de dos tercios.<\/span><\/p>\n<p><span style=\"font-size: 14pt;\">En el marco del evento Bloomberg NEF en una entrevista ejecutiva, M\u00e1ximo Vedoya explic\u00f3: \u201cNunca antes se hab\u00eda hecho tecnolog\u00eda de horno el\u00e9ctrico y reducci\u00f3n directa para producir este tipo de aceros, ser\u00e1 la primera en el mundo. Esperemos ser exitosos, de poder hacer un producto para la carcasa de un auto o un producto muy sofisticado para determinadas manufacturas que venga de una producci\u00f3n de reducci\u00f3n directa y horno el\u00e9ctrico, lo que disminuye las emisiones de CO2 en la producci\u00f3n de acero en m\u00e1s de dos tercios\u201d.<\/span><\/p>\n","protected":false},"excerpt":{"rendered":"<p>El CEO de Ternium, M\u00e1ximo Vedoya, anunci\u00f3 que en el complejo acerero de\u00a0Pesquer\u00eda, Nuevo Le\u00f3n, se instalar\u00e1 la primera planta<\/p>\n","protected":false},"author":4,"featured_media":47970,"comment_status":"closed","ping_status":"closed","sticky":false,"template":"","format":"standard","meta":{"colormag_page_container_layout":"default_layout","colormag_page_sidebar_layout":"default_layout","_jetpack_memberships_contains_paid_content":false,"footnotes":"","jetpack_publicize_message":"","jetpack_publicize_feature_enabled":true,"jetpack_social_post_already_shared":false,"jetpack_social_options":{"image_generator_settings":{"template":"highway","default_image_id":0,"font":"","enabled":false},"version":2}},"categories":[30],"tags":[],"class_list":["post-47969","post","type-post","status-publish","format-standard","has-post-thumbnail","hentry","category-estados"],"jetpack_publicize_connections":[],"jetpack_featured_media_url":"https:\/\/i0.wp.com\/politicosaldesnudo.com.mx\/wp-content\/uploads\/2024\/10\/6705c710c580e.jpeg?fit=756%2C472&ssl=1","jetpack-related-posts":[],"jetpack_sharing_enabled":true,"_links":{"self":[{"href":"https:\/\/politicosaldesnudo.com.mx\/index.php\/wp-json\/wp\/v2\/posts\/47969","targetHints":{"allow":["GET"]}}],"collection":[{"href":"https:\/\/politicosaldesnudo.com.mx\/index.php\/wp-json\/wp\/v2\/posts"}],"about":[{"href":"https:\/\/politicosaldesnudo.com.mx\/index.php\/wp-json\/wp\/v2\/types\/post"}],"author":[{"embeddable":true,"href":"https:\/\/politicosaldesnudo.com.mx\/index.php\/wp-json\/wp\/v2\/users\/4"}],"replies":[{"embeddable":true,"href":"https:\/\/politicosaldesnudo.com.mx\/index.php\/wp-json\/wp\/v2\/comments?post=47969"}],"version-history":[{"count":0,"href":"https:\/\/politicosaldesnudo.com.mx\/index.php\/wp-json\/wp\/v2\/posts\/47969\/revisions"}],"wp:featuredmedia":[{"embeddable":true,"href":"https:\/\/politicosaldesnudo.com.mx\/index.php\/wp-json\/wp\/v2\/media\/47970"}],"wp:attachment":[{"href":"https:\/\/politicosaldesnudo.com.mx\/index.php\/wp-json\/wp\/v2\/media?parent=47969"}],"wp:term":[{"taxonomy":"category","embeddable":true,"href":"https:\/\/politicosaldesnudo.com.mx\/index.php\/wp-json\/wp\/v2\/categories?post=47969"},{"taxonomy":"post_tag","embeddable":true,"href":"https:\/\/politicosaldesnudo.com.mx\/index.php\/wp-json\/wp\/v2\/tags?post=47969"}],"curies":[{"name":"wp","href":"https:\/\/api.w.org\/{rel}","templated":true}]}}