{"id":47972,"date":"2024-10-09T00:10:29","date_gmt":"2024-10-09T05:10:29","guid":{"rendered":"https:\/\/politicosaldesnudo.com.mx\/?p=47972"},"modified":"2024-10-09T00:10:29","modified_gmt":"2024-10-09T05:10:29","slug":"avery-dennison-inaugura-planta-en-queretaro-producira-etiquetas-inteligentes","status":"publish","type":"post","link":"https:\/\/politicosaldesnudo.com.mx\/index.php\/2024\/10\/09\/avery-dennison-inaugura-planta-en-queretaro-producira-etiquetas-inteligentes\/","title":{"rendered":"Avery Dennison inaugura planta en Quer\u00e9taro; producir\u00e1 etiquetas inteligentes"},"content":{"rendered":"<div>\n<nav><span style=\"font-size: 14pt;\">Avery Dennison inaugura planta en Quer\u00e9taro, producir\u00e1 etiquetas inteligentes<\/span><\/nav>\n<\/div>\n<div>\n<div>\n<p><span style=\"font-size: 14pt;\">Avery Dennison, fabricante de etiquetas inteligentes, inaugur\u00f3 una planta en Quer\u00e9taro, donde invirti\u00f3 1,500 millones de pesos y generar\u00e1 938 empleos.<\/span><\/p>\n<p><span style=\"font-size: 14pt;\">En enero del 2023 la compa\u00f1\u00eda estadounidense anunci\u00f3 la instalaci\u00f3n de esta unidad para producir etiquetas de identificaci\u00f3n inteligente.<\/span><\/p>\n<p><span style=\"font-size: 14pt;\">Entonces, la proyect\u00f3 como\u00a0su planta m\u00e1s grande de RFID\u00a0(por su sigla en ingl\u00e9s de Radio-Frequency Identification), sistema de almacenamiento de datos en etiqueta, mediante la identificaci\u00f3n de radiofrecuencia.<\/span><\/p>\n<div id=\"div-gpt-ad-1722968823067-0\" data-google-query-id=\"CP6i1v_DgIkDFVLuGAIdkcQuIw\">\n<div id=\"google_ads_iframe_\/22164649877\/ElEconomista_Desktop_Nota_336x280_1_0__container__\"><span style=\"font-size: 14pt;\">La nueva unidad posiciona a la firma como referente en la fabricaci\u00f3n y el desarrollo de etiquetas inteligentes, expuso el presidente de Solutions Group en la compa\u00f1\u00eda, Francisco Melo.<\/span><\/div>\n<\/div>\n<p><span style=\"font-size: 14pt;\">\u00abHoy marcamos la apertura oficial de esta nueva instalaci\u00f3n de tecnolog\u00eda y de identificaci\u00f3n digital aqu\u00ed en Quer\u00e9taro, M\u00e9xico, siendo la m\u00e1s grande de todas las que hemos hecho, esta es una instalaci\u00f3n que se\u00f1ala nuestro compromiso y creencia fundamental en liberar el futuro de nuestra industria y continuar expandiendo nuestras capacidades en etiquetas inteligentes\u00bb, expuso.<\/span><\/p>\n<\/div>\n<\/div>\n","protected":false},"excerpt":{"rendered":"<p>Avery Dennison inaugura planta en Quer\u00e9taro, producir\u00e1 etiquetas inteligentes Avery Dennison, fabricante de etiquetas inteligentes, inaugur\u00f3 una planta en Quer\u00e9taro,<\/p>\n","protected":false},"author":4,"featured_media":47973,"comment_status":"closed","ping_status":"closed","sticky":false,"template":"","format":"standard","meta":{"colormag_page_container_layout":"default_layout","colormag_page_sidebar_layout":"default_layout","_jetpack_memberships_contains_paid_content":false,"footnotes":"","jetpack_publicize_message":"","jetpack_publicize_feature_enabled":true,"jetpack_social_post_already_shared":false,"jetpack_social_options":{"image_generator_settings":{"template":"highway","default_image_id":0,"font":"","enabled":false},"version":2}},"categories":[30],"tags":[],"class_list":["post-47972","post","type-post","status-publish","format-standard","has-post-thumbnail","hentry","category-estados"],"jetpack_publicize_connections":[],"jetpack_featured_media_url":"https:\/\/i0.wp.com\/politicosaldesnudo.com.mx\/wp-content\/uploads\/2024\/10\/6705bf60bf766.png?fit=1000%2C563&ssl=1","jetpack-related-posts":[],"jetpack_sharing_enabled":true,"_links":{"self":[{"href":"https:\/\/politicosaldesnudo.com.mx\/index.php\/wp-json\/wp\/v2\/posts\/47972","targetHints":{"allow":["GET"]}}],"collection":[{"href":"https:\/\/politicosaldesnudo.com.mx\/index.php\/wp-json\/wp\/v2\/posts"}],"about":[{"href":"https:\/\/politicosaldesnudo.com.mx\/index.php\/wp-json\/wp\/v2\/types\/post"}],"author":[{"embeddable":true,"href":"https:\/\/politicosaldesnudo.com.mx\/index.php\/wp-json\/wp\/v2\/users\/4"}],"replies":[{"embeddable":true,"href":"https:\/\/politicosaldesnudo.com.mx\/index.php\/wp-json\/wp\/v2\/comments?post=47972"}],"version-history":[{"count":0,"href":"https:\/\/politicosaldesnudo.com.mx\/index.php\/wp-json\/wp\/v2\/posts\/47972\/revisions"}],"wp:featuredmedia":[{"embeddable":true,"href":"https:\/\/politicosaldesnudo.com.mx\/index.php\/wp-json\/wp\/v2\/media\/47973"}],"wp:attachment":[{"href":"https:\/\/politicosaldesnudo.com.mx\/index.php\/wp-json\/wp\/v2\/media?parent=47972"}],"wp:term":[{"taxonomy":"category","embeddable":true,"href":"https:\/\/politicosaldesnudo.com.mx\/index.php\/wp-json\/wp\/v2\/categories?post=47972"},{"taxonomy":"post_tag","embeddable":true,"href":"https:\/\/politicosaldesnudo.com.mx\/index.php\/wp-json\/wp\/v2\/tags?post=47972"}],"curies":[{"name":"wp","href":"https:\/\/api.w.org\/{rel}","templated":true}]}}