{"id":47987,"date":"2024-10-09T00:18:20","date_gmt":"2024-10-09T05:18:20","guid":{"rendered":"https:\/\/politicosaldesnudo.com.mx\/?p=47987"},"modified":"2024-10-09T00:18:20","modified_gmt":"2024-10-09T05:18:20","slug":"diputados-aprueban-reforma-ferroviaria-que-prioriza-los-trenes-de-pasajeros","status":"publish","type":"post","link":"https:\/\/politicosaldesnudo.com.mx\/index.php\/2024\/10\/09\/diputados-aprueban-reforma-ferroviaria-que-prioriza-los-trenes-de-pasajeros\/","title":{"rendered":"Diputados aprueban reforma ferroviaria que prioriza los trenes de pasajeros"},"content":{"rendered":"<div>\n<div id=\"content-body-225-12677922\">\n<p><span style=\"font-size: 14pt;\">La\u00a0C\u00e1mara de Diputados\u00a0aprob\u00f3\u00a0con 472 votos a favor\u00a0la reforma ferroviaria\u00a0del expresidente Andr\u00e9s Manuel L\u00f3pez Obrador para que\u00a0el estado retome el derecho de\u00a0utilizar las v\u00edas ferroviarias\u00a0para prestar el servicio de trenes de pasajeros.<\/span><\/p>\n<p><span style=\"font-size: 14pt;\">Luego de seis horas de discusi\u00f3n,\u00a0los legisladores aprobaron la sexta reforma heredada\u00a0por el expresidente L\u00f3pez Obrador, la cual, en palabras de diputados morenistas,\u00a0pretende revertir la extinci\u00f3n y privatizaci\u00f3n de los trenes de pasajeros ocurrida durante el sexenio del expresidente Ernesto Zedillo Ponce de Le\u00f3n que justific\u00f3 la desaparici\u00f3n en el deterioro de las v\u00edas y la poca competitividad con los autobuses.<\/span><\/p>\n<p><span style=\"font-size: 14pt;\">\u201cEl estado mexicano retoma el derecho de utilizar las v\u00edas ferroviarias para prestar el servicio de transporte de pasajeros.\u00a0Para ello, el Ejecutivo Federal podr\u00e1 otorgar asignaciones a empresas p\u00fablicas o concesiones a particulares\u201d, se lee en la porci\u00f3n que se agrega al art\u00edculo 28 de la Constituci\u00f3n.<\/span><\/p>\n<\/div>\n<\/div>\n","protected":false},"excerpt":{"rendered":"<p>La\u00a0C\u00e1mara de Diputados\u00a0aprob\u00f3\u00a0con 472 votos a favor\u00a0la reforma ferroviaria\u00a0del expresidente Andr\u00e9s Manuel L\u00f3pez Obrador para que\u00a0el estado retome el derecho<\/p>\n","protected":false},"author":4,"featured_media":47988,"comment_status":"closed","ping_status":"closed","sticky":false,"template":"","format":"standard","meta":{"colormag_page_container_layout":"default_layout","colormag_page_sidebar_layout":"default_layout","_jetpack_memberships_contains_paid_content":false,"footnotes":"","jetpack_publicize_message":"","jetpack_publicize_feature_enabled":true,"jetpack_social_post_already_shared":false,"jetpack_social_options":{"image_generator_settings":{"template":"highway","default_image_id":0,"font":"","enabled":false},"version":2}},"categories":[33],"tags":[],"class_list":["post-47987","post","type-post","status-publish","format-standard","has-post-thumbnail","hentry","category-nacional"],"jetpack_publicize_connections":[],"jetpack_featured_media_url":"https:\/\/i0.wp.com\/politicosaldesnudo.com.mx\/wp-content\/uploads\/2024\/10\/Camra-de-Diputados.png?fit=768%2C479&ssl=1","jetpack-related-posts":[],"jetpack_sharing_enabled":true,"_links":{"self":[{"href":"https:\/\/politicosaldesnudo.com.mx\/index.php\/wp-json\/wp\/v2\/posts\/47987","targetHints":{"allow":["GET"]}}],"collection":[{"href":"https:\/\/politicosaldesnudo.com.mx\/index.php\/wp-json\/wp\/v2\/posts"}],"about":[{"href":"https:\/\/politicosaldesnudo.com.mx\/index.php\/wp-json\/wp\/v2\/types\/post"}],"author":[{"embeddable":true,"href":"https:\/\/politicosaldesnudo.com.mx\/index.php\/wp-json\/wp\/v2\/users\/4"}],"replies":[{"embeddable":true,"href":"https:\/\/politicosaldesnudo.com.mx\/index.php\/wp-json\/wp\/v2\/comments?post=47987"}],"version-history":[{"count":0,"href":"https:\/\/politicosaldesnudo.com.mx\/index.php\/wp-json\/wp\/v2\/posts\/47987\/revisions"}],"wp:featuredmedia":[{"embeddable":true,"href":"https:\/\/politicosaldesnudo.com.mx\/index.php\/wp-json\/wp\/v2\/media\/47988"}],"wp:attachment":[{"href":"https:\/\/politicosaldesnudo.com.mx\/index.php\/wp-json\/wp\/v2\/media?parent=47987"}],"wp:term":[{"taxonomy":"category","embeddable":true,"href":"https:\/\/politicosaldesnudo.com.mx\/index.php\/wp-json\/wp\/v2\/categories?post=47987"},{"taxonomy":"post_tag","embeddable":true,"href":"https:\/\/politicosaldesnudo.com.mx\/index.php\/wp-json\/wp\/v2\/tags?post=47987"}],"curies":[{"name":"wp","href":"https:\/\/api.w.org\/{rel}","templated":true}]}}