{"id":48072,"date":"2024-10-10T14:19:16","date_gmt":"2024-10-10T19:19:16","guid":{"rendered":"https:\/\/politicosaldesnudo.com.mx\/?p=48072"},"modified":"2024-10-10T14:19:16","modified_gmt":"2024-10-10T19:19:16","slug":"lanzan-convocatoria-para-desfile-por-el-114-aniversario-del-inicio-de-la-revolucion-mexicana","status":"publish","type":"post","link":"https:\/\/politicosaldesnudo.com.mx\/index.php\/2024\/10\/10\/lanzan-convocatoria-para-desfile-por-el-114-aniversario-del-inicio-de-la-revolucion-mexicana\/","title":{"rendered":"Lanzan convocatoria para desfile por el 114 aniversario del Inicio de la Revoluci\u00f3n Mexicana"},"content":{"rendered":"<p><span style=\"font-size: 14pt;\">El H. Ayuntamiento de Tuxpan, a trav\u00e9s de la Direcci\u00f3n de Educaci\u00f3n, convoca a instituciones educativas a participar el pr\u00f3ximo mi\u00e9rcoles 20 de noviembre en el Desfile conmemorativo por el 114 aniversario del inicio de la Revoluci\u00f3n Mexicana.<\/span><\/p>\n<p><span style=\"font-size: 14pt;\">Podr\u00e1n desfilar alumnas y alumnos de nivel primaria alta (5\u00ba y 6\u00ba), secundaria, preparatoria y universidades, as\u00ed como clubes deportivos y asociaciones civiles.<\/span><\/p>\n<p><span style=\"font-size: 14pt;\">El recorrido se realizar\u00e1 a lo largo del bulevar Jes\u00fas Reyes Heroles, iniciando a las 9:00 de la ma\u00f1ana en la calle Revoluci\u00f3n, y finalizando en la calle Vicente Guerrero (parte baja del Puente Tuxpan).<\/span><\/p>\n<p><span style=\"font-size: 14pt;\">El registro est\u00e1 abierto en la oficina de la Direcci\u00f3n de Educaci\u00f3n, ubicada en la calle Adolfo Ruiz Cortines esquina Moctezuma, colonia Del Valle; de lunes a viernes de 9:00 a 15:00 horas, o a trav\u00e9s del siguiente enlace: https:\/\/docs.google.com\/forms\/d\/1T-fv3NGUDhPqlSpieXE_IjSs0aBeWa-MUD00kClT89Y\/edit.<\/span><\/p>\n<p><span style=\"font-size: 14pt;\">La fecha l\u00edmite de inscripci\u00f3n y recepci\u00f3n de fichas es el viernes 8 de noviembre de 2024.<\/span><\/p>\n<p><img data-recalc-dims=\"1\" loading=\"lazy\" decoding=\"async\" class=\"aligncenter size-large wp-image-48073\" src=\"https:\/\/i0.wp.com\/politicosaldesnudo.com.mx\/wp-content\/uploads\/2024\/10\/WhatsApp-Image-2024-10-10-at-13.11.42-797x1024.jpeg?resize=797%2C1024&#038;ssl=1\" alt=\"\" width=\"797\" height=\"1024\" srcset=\"https:\/\/i0.wp.com\/politicosaldesnudo.com.mx\/wp-content\/uploads\/2024\/10\/WhatsApp-Image-2024-10-10-at-13.11.42.jpeg?resize=797%2C1024&amp;ssl=1 797w, https:\/\/i0.wp.com\/politicosaldesnudo.com.mx\/wp-content\/uploads\/2024\/10\/WhatsApp-Image-2024-10-10-at-13.11.42.jpeg?resize=233%2C300&amp;ssl=1 233w, https:\/\/i0.wp.com\/politicosaldesnudo.com.mx\/wp-content\/uploads\/2024\/10\/WhatsApp-Image-2024-10-10-at-13.11.42.jpeg?resize=768%2C987&amp;ssl=1 768w, https:\/\/i0.wp.com\/politicosaldesnudo.com.mx\/wp-content\/uploads\/2024\/10\/WhatsApp-Image-2024-10-10-at-13.11.42.jpeg?w=996&amp;ssl=1 996w\" sizes=\"auto, (max-width: 797px) 100vw, 797px\" \/><\/p>\n","protected":false},"excerpt":{"rendered":"<p>El H. Ayuntamiento de Tuxpan, a trav\u00e9s de la Direcci\u00f3n de Educaci\u00f3n, convoca a instituciones educativas a participar el pr\u00f3ximo<\/p>\n","protected":false},"author":4,"featured_media":48074,"comment_status":"closed","ping_status":"closed","sticky":false,"template":"","format":"standard","meta":{"colormag_page_container_layout":"default_layout","colormag_page_sidebar_layout":"default_layout","_jetpack_memberships_contains_paid_content":false,"footnotes":"","jetpack_publicize_message":"","jetpack_publicize_feature_enabled":true,"jetpack_social_post_already_shared":false,"jetpack_social_options":{"image_generator_settings":{"template":"highway","default_image_id":0,"font":"","enabled":false},"version":2}},"categories":[3205,1082],"tags":[],"class_list":["post-48072","post","type-post","status-publish","format-standard","has-post-thumbnail","hentry","category-gobierno-tuxpan","category-tuxpan"],"jetpack_publicize_connections":[],"jetpack_featured_media_url":"https:\/\/i0.wp.com\/politicosaldesnudo.com.mx\/wp-content\/uploads\/2024\/10\/desfile.jpg?fit=600%2C450&ssl=1","jetpack-related-posts":[],"jetpack_sharing_enabled":true,"_links":{"self":[{"href":"https:\/\/politicosaldesnudo.com.mx\/index.php\/wp-json\/wp\/v2\/posts\/48072","targetHints":{"allow":["GET"]}}],"collection":[{"href":"https:\/\/politicosaldesnudo.com.mx\/index.php\/wp-json\/wp\/v2\/posts"}],"about":[{"href":"https:\/\/politicosaldesnudo.com.mx\/index.php\/wp-json\/wp\/v2\/types\/post"}],"author":[{"embeddable":true,"href":"https:\/\/politicosaldesnudo.com.mx\/index.php\/wp-json\/wp\/v2\/users\/4"}],"replies":[{"embeddable":true,"href":"https:\/\/politicosaldesnudo.com.mx\/index.php\/wp-json\/wp\/v2\/comments?post=48072"}],"version-history":[{"count":0,"href":"https:\/\/politicosaldesnudo.com.mx\/index.php\/wp-json\/wp\/v2\/posts\/48072\/revisions"}],"wp:featuredmedia":[{"embeddable":true,"href":"https:\/\/politicosaldesnudo.com.mx\/index.php\/wp-json\/wp\/v2\/media\/48074"}],"wp:attachment":[{"href":"https:\/\/politicosaldesnudo.com.mx\/index.php\/wp-json\/wp\/v2\/media?parent=48072"}],"wp:term":[{"taxonomy":"category","embeddable":true,"href":"https:\/\/politicosaldesnudo.com.mx\/index.php\/wp-json\/wp\/v2\/categories?post=48072"},{"taxonomy":"post_tag","embeddable":true,"href":"https:\/\/politicosaldesnudo.com.mx\/index.php\/wp-json\/wp\/v2\/tags?post=48072"}],"curies":[{"name":"wp","href":"https:\/\/api.w.org\/{rel}","templated":true}]}}