{"id":48116,"date":"2024-10-11T08:40:25","date_gmt":"2024-10-11T13:40:25","guid":{"rendered":"https:\/\/politicosaldesnudo.com.mx\/?p=48116"},"modified":"2024-10-11T08:40:25","modified_gmt":"2024-10-11T13:40:25","slug":"mas-estadounidenses-piden-ayuda-por-desempleo","status":"publish","type":"post","link":"https:\/\/politicosaldesnudo.com.mx\/index.php\/2024\/10\/11\/mas-estadounidenses-piden-ayuda-por-desempleo\/","title":{"rendered":"M\u00e1s estadounidenses piden ayuda por desempleo"},"content":{"rendered":"<p><span style=\"font-size: 14pt;\">La cantidad de estadounidenses que presentaron nuevas solicitudes de beneficios por desempleo aument\u00f3 la semana pasada, impulsada en parte por el hurac\u00e1n Helene y los despidos en Boeing, en medio de una huelga que ya lleva casi cuatro semanas en el fabricante de aviones.\u00a0<\/span><\/p>\n<div class=\"c-detail-content-body\">\n<div class=\"c-detail__body\">\n<p><span style=\"font-size: 14pt;\">Las solicitudes iniciales de beneficios estatales por desempleo aumentaron en 33,000 a una cifra ajustada estacionalmente de 258,000 para la semana que termin\u00f3 el 5 de octubre, inform\u00f3 ayer el Departamento de Trabajo.<\/span><\/p>\n<p><span style=\"font-size: 14pt;\">Los economistas encuestados por Reuters hab\u00edan pronosticado 230,000 solicitudes para la \u00faltima semana. Hubo grandes aumentos en las solicitudes no ajustadas en Carolina del Norte y Florida y aumentaron en el estado de Washington.<\/span><\/p>\n<p><span style=\"font-size: 14pt;\">Es probable que Helene, que arras\u00f3 Florida y devast\u00f3 grandes \u00e1reas del sudeste de Estados Unidos a finales de septiembre, contin\u00fae distorsionando los datos de solicitudes en las pr\u00f3ximas semanas.<\/span><\/p>\n<\/div>\n<\/div>\n","protected":false},"excerpt":{"rendered":"<p>La cantidad de estadounidenses que presentaron nuevas solicitudes de beneficios por desempleo aument\u00f3 la semana pasada, impulsada en parte por<\/p>\n","protected":false},"author":4,"featured_media":48117,"comment_status":"closed","ping_status":"closed","sticky":false,"template":"","format":"standard","meta":{"colormag_page_container_layout":"default_layout","colormag_page_sidebar_layout":"default_layout","_jetpack_memberships_contains_paid_content":false,"footnotes":"","jetpack_publicize_message":"","jetpack_publicize_feature_enabled":true,"jetpack_social_post_already_shared":false,"jetpack_social_options":{"image_generator_settings":{"template":"highway","default_image_id":0,"font":"","enabled":false},"version":2}},"categories":[2050],"tags":[],"class_list":["post-48116","post","type-post","status-publish","format-standard","has-post-thumbnail","hentry","category-economia"],"jetpack_publicize_connections":[],"jetpack_featured_media_url":"https:\/\/i0.wp.com\/politicosaldesnudo.com.mx\/wp-content\/uploads\/2024\/10\/66e5084c2da11.jpeg?fit=756%2C472&ssl=1","jetpack-related-posts":[],"jetpack_sharing_enabled":true,"_links":{"self":[{"href":"https:\/\/politicosaldesnudo.com.mx\/index.php\/wp-json\/wp\/v2\/posts\/48116","targetHints":{"allow":["GET"]}}],"collection":[{"href":"https:\/\/politicosaldesnudo.com.mx\/index.php\/wp-json\/wp\/v2\/posts"}],"about":[{"href":"https:\/\/politicosaldesnudo.com.mx\/index.php\/wp-json\/wp\/v2\/types\/post"}],"author":[{"embeddable":true,"href":"https:\/\/politicosaldesnudo.com.mx\/index.php\/wp-json\/wp\/v2\/users\/4"}],"replies":[{"embeddable":true,"href":"https:\/\/politicosaldesnudo.com.mx\/index.php\/wp-json\/wp\/v2\/comments?post=48116"}],"version-history":[{"count":0,"href":"https:\/\/politicosaldesnudo.com.mx\/index.php\/wp-json\/wp\/v2\/posts\/48116\/revisions"}],"wp:featuredmedia":[{"embeddable":true,"href":"https:\/\/politicosaldesnudo.com.mx\/index.php\/wp-json\/wp\/v2\/media\/48117"}],"wp:attachment":[{"href":"https:\/\/politicosaldesnudo.com.mx\/index.php\/wp-json\/wp\/v2\/media?parent=48116"}],"wp:term":[{"taxonomy":"category","embeddable":true,"href":"https:\/\/politicosaldesnudo.com.mx\/index.php\/wp-json\/wp\/v2\/categories?post=48116"},{"taxonomy":"post_tag","embeddable":true,"href":"https:\/\/politicosaldesnudo.com.mx\/index.php\/wp-json\/wp\/v2\/tags?post=48116"}],"curies":[{"name":"wp","href":"https:\/\/api.w.org\/{rel}","templated":true}]}}