{"id":48137,"date":"2024-10-11T08:54:29","date_gmt":"2024-10-11T13:54:29","guid":{"rendered":"https:\/\/politicosaldesnudo.com.mx\/?p=48137"},"modified":"2024-10-11T08:54:29","modified_gmt":"2024-10-11T13:54:29","slug":"por-chilpancingo-y-por-alejandro-arcos-gustavo-alarcon-rinde-protesta-como-edil-de-chilpancingo","status":"publish","type":"post","link":"https:\/\/politicosaldesnudo.com.mx\/index.php\/2024\/10\/11\/por-chilpancingo-y-por-alejandro-arcos-gustavo-alarcon-rinde-protesta-como-edil-de-chilpancingo\/","title":{"rendered":"Por Chilpancingo y por Alejandro Arcos: Gustavo Alarc\u00f3n rinde protesta como edil de Chilpancingo"},"content":{"rendered":"<p><span style=\"font-size: 14pt;\">Cuatro d\u00edas despu\u00e9s del\u00a0asesinato del edil Alejandro Marcos, que fue\u00a0decapitado\u00a0y sus restos dejados en un autom\u00f3vil, este jueves\u00a0Gustavo Alarc\u00f3n Herrera rindi\u00f3 protesta\u00a0ante el Congreso del Estado como el\u00a0nuevo presidente municipal de Chilpancingo.<\/span><\/p>\n<p><span style=\"font-size: 14pt;\">Fue minutos despu\u00e9s de las 13:40 horas cuando\u00a0Alarc\u00f3n Herrera\u00a0ingres\u00f3 al sal\u00f3n de sesiones. Cuando rindi\u00f3 protesta, levant\u00f3 la mano derecha y\u00a0dijo: \u00abPor Chilpancingo y por Alejandro, protesto\u00bb.<\/span><\/p>\n<p><span style=\"font-size: 14pt;\">Luego de varios\u00a0d\u00edas de hermetismo\u00a0sobre si aceptar\u00eda el cargo,\u00a0Chilpancingo tiene nuevo edil en medio de la violencia\u00a0que se ha apoderado de la capital de Guerrero.<\/span><\/p>\n","protected":false},"excerpt":{"rendered":"<p>Cuatro d\u00edas despu\u00e9s del\u00a0asesinato del edil Alejandro Marcos, que fue\u00a0decapitado\u00a0y sus restos dejados en un autom\u00f3vil, este jueves\u00a0Gustavo Alarc\u00f3n Herrera<\/p>\n","protected":false},"author":4,"featured_media":48138,"comment_status":"closed","ping_status":"closed","sticky":false,"template":"","format":"standard","meta":{"colormag_page_container_layout":"default_layout","colormag_page_sidebar_layout":"default_layout","_jetpack_memberships_contains_paid_content":false,"footnotes":"","jetpack_publicize_message":"","jetpack_publicize_feature_enabled":true,"jetpack_social_post_already_shared":false,"jetpack_social_options":{"image_generator_settings":{"template":"highway","default_image_id":0,"font":"","enabled":false},"version":2}},"categories":[33],"tags":[],"class_list":["post-48137","post","type-post","status-publish","format-standard","has-post-thumbnail","hentry","category-nacional"],"jetpack_publicize_connections":[],"jetpack_featured_media_url":"https:\/\/i0.wp.com\/politicosaldesnudo.com.mx\/wp-content\/uploads\/2024\/10\/Toma-Protesta-Alcalde.jpg?fit=768%2C479&ssl=1","jetpack-related-posts":[],"jetpack_sharing_enabled":true,"_links":{"self":[{"href":"https:\/\/politicosaldesnudo.com.mx\/index.php\/wp-json\/wp\/v2\/posts\/48137","targetHints":{"allow":["GET"]}}],"collection":[{"href":"https:\/\/politicosaldesnudo.com.mx\/index.php\/wp-json\/wp\/v2\/posts"}],"about":[{"href":"https:\/\/politicosaldesnudo.com.mx\/index.php\/wp-json\/wp\/v2\/types\/post"}],"author":[{"embeddable":true,"href":"https:\/\/politicosaldesnudo.com.mx\/index.php\/wp-json\/wp\/v2\/users\/4"}],"replies":[{"embeddable":true,"href":"https:\/\/politicosaldesnudo.com.mx\/index.php\/wp-json\/wp\/v2\/comments?post=48137"}],"version-history":[{"count":0,"href":"https:\/\/politicosaldesnudo.com.mx\/index.php\/wp-json\/wp\/v2\/posts\/48137\/revisions"}],"wp:featuredmedia":[{"embeddable":true,"href":"https:\/\/politicosaldesnudo.com.mx\/index.php\/wp-json\/wp\/v2\/media\/48138"}],"wp:attachment":[{"href":"https:\/\/politicosaldesnudo.com.mx\/index.php\/wp-json\/wp\/v2\/media?parent=48137"}],"wp:term":[{"taxonomy":"category","embeddable":true,"href":"https:\/\/politicosaldesnudo.com.mx\/index.php\/wp-json\/wp\/v2\/categories?post=48137"},{"taxonomy":"post_tag","embeddable":true,"href":"https:\/\/politicosaldesnudo.com.mx\/index.php\/wp-json\/wp\/v2\/tags?post=48137"}],"curies":[{"name":"wp","href":"https:\/\/api.w.org\/{rel}","templated":true}]}}