{"id":48281,"date":"2024-10-14T06:40:06","date_gmt":"2024-10-14T11:40:06","guid":{"rendered":"https:\/\/politicosaldesnudo.com.mx\/?p=48281"},"modified":"2024-10-13T23:56:32","modified_gmt":"2024-10-14T04:56:32","slug":"inicio-de-una-realidad-esa-aun-no-escrita","status":"publish","type":"post","link":"https:\/\/politicosaldesnudo.com.mx\/index.php\/2024\/10\/14\/inicio-de-una-realidad-esa-aun-no-escrita\/","title":{"rendered":"INICIO DE UNA REALIDAD, ESA AUN NO ESCRITA"},"content":{"rendered":"<p><span style=\"font-size: 14pt;\"><strong>Por Francisco Blanco Calder\u00f3n<\/strong><\/span><\/p>\n<p><span style=\"font-size: 14pt;\">Tiempos de cambios estos. Cambios del mundo unipolar al evidente multipolar. Amenazas nucleares, bombas at\u00f3micas ante una destrucci\u00f3n ins\u00f3lita y absurda por el fascismo de Netanyahu ante el pueblo palestino y el mundo \u00e1rabe. Cambios por el cambio clim\u00e1tico que destruyen ciudades enteras, caso Acapulco por Otis y ahora Florida por Milton, m\u00e1s lo que se acumulen que ya vienen en camino en el Atl\u00e1ntico Leslie, Gordon y viene Nadine. Cambios provocados por la insensibilidad de gobiernos domesticados al capital y sobre todo por empresas insaciables de poder y riqueza que devoran todo: ciudades, zonas rurales, mares, r\u00edos y lagunas. Destrucci\u00f3n del medio ambiente debido a la ambici\u00f3n, que aniquilan cerros, monta\u00f1as, complejos mineros, agotan mantos fri\u00e1ticos para revender el agua al embotellarse en plena sociedad de mercado, contaminan oc\u00e9anos, playas por entrega al consumismo atroz de una sociedad mediatizada.<\/span><\/p>\n<p><span style=\"font-size: 14pt;\">Cambios por formas de gobierno sometidos al capital trasnacional para corromper poderes. legislativo, judicial y ejecutivo en pa\u00edses conservadores, reaccionarios, neoliberales y totalmente fascistoides. Derechas arrodilladas a los mass media, a las iglesias y al poder factico del dinero.<\/span><\/p>\n<p><span style=\"font-size: 14pt;\">As\u00ed entra la segunda etapa de la 4T, para consolidar el cambio de r\u00e9gimen iniciado desde el 2018. Expectativas, esperanzas, buenos prop\u00f3sitos dan inicio a un segundo gobierno del cambio. Una presidenta, capaz, preparada con s\u00f3lida formaci\u00f3n pol\u00edtica da comienzo al aseguramiento de una nueva transformaci\u00f3n con continuidad y cambio. Claudia Sheinbaum asume la presidencia, con la banda presidencial en el pecho, en manos de una mujer incre\u00edble que realiz\u00f3 esta su \u00faltima acci\u00f3n p\u00fablica, en la sede del Congreso. La incomparable Ifigenia Mart\u00ednez, s\u00f3lida por su formaci\u00f3n de izquierda, luchadora social, legisladora imparable, movilizadora de masas empobrecidas por el poder pol\u00edtico neoliberal y conservador. La actual presidenta cuenta con un grupo de colaboradores con amplia formaci\u00f3n administrativa y sobre todo muy consistente visi\u00f3n ideol\u00f3gica: Juan Ram\u00f3n de la Fuente, Marcelo Ebrard, Ernestina Godoy, Rosa Isela Rodr\u00edguez, Mart\u00ed Batres, Zo\u00e9 Robledo, L\u00e1zaro C\u00e1rdenas Batel, as\u00ed como distintos y funcionarios del actual gabinete.\u00a0\u00a0\u00a0\u00a0\u00a0<\/span><\/p>\n<p><span style=\"font-size: 14pt;\">En el poder legislativo destaca la presencia de Ricardo Monreal, Gerardo Fern\u00e1ndez Noro\u00f1a, Sergio Guti\u00e9rrez Luna, Ad\u00e1n Augusto L\u00f3pez. En la Suprema Corte de Justica destacan Yazmin Esquivel, Lenia Batres y Loreta Ortiz. Al cargo de la Seguridad Nacional Omar Garc\u00eda Harfuch, con los titulares de Defensa, Marina y Guardia Nacional. Todos puestos a prueba en los pr\u00f3ximos tres a\u00f1os, dado por el gran acierto de la Revocaci\u00f3n de Mandato, aprobado constitucionalmente en el 2022. O cumplen o se van. As\u00ed se determin\u00f3 por el voto popular de casi 36 millones de votos el pasado dos de junio del actual.<\/span><\/p>\n<p><span style=\"font-size: 14pt;\">Gobierno a prueba. \u00bfGobierno en la mira desde adentro y sobre todo hacia afuera, a la vista internacional eh?.\u00a0 Un gobierno que comenzar\u00e1 a consolidarse si cumple con las expectativas de la poblaci\u00f3n que lo erigi\u00f3, pese a \u00a0los intereses externos y sobre todo de los vaivenes de las guerras de Ucrania, ya perdida para EEUU, como lo fue Afganist\u00e1n, Irak, Vietnam, el derrumbe de la OTAN con el sorpresivo golpe ruso Israel y sobre todo la actuaci\u00f3n de Alemania y Francia acorde para el final de esta est\u00fapida guerra.<\/span><\/p>\n<p><span style=\"font-size: 14pt;\">Aqu\u00ed, al parecer controlado por una oposici\u00f3n omisa, confusa, difusa sin planes ni propuestas. Oposici\u00f3n absurda, medi\u00e1tica sin posibilidades de avance dado a su negativa de pensar, proponer, o al menos argumentar con inteligencia, de la cual carecen solo intereses, un proyecto de naci\u00f3n que determine sus expectativas pol\u00edticas y econ\u00f3micas de ese futuro al cual se les ha negado por incapacidad ideol\u00f3gica. Queremos, deseamos una oposici\u00f3n inteligente, creativa, propositiva no combativa a lo absurdo de la il\u00f3gica desideologizada.<\/span><\/p>\n<p><span style=\"font-size: 14pt;\">Grupos que movilizaron \u201cmasas\u201d medi\u00e1ticas al son y ator\u00f3n, como dijo Chico che. Masas desinformadas, consumistas, desideologizadas, perse y se incluye el pers\u00e9cula seculorum, del ahora y nunca. Masas manipuladas desde hace d\u00e9cadas en esta sociedad de consumo interminable.<\/span><\/p>\n<p><span style=\"font-size: 14pt;\">La reacci\u00f3n sobrevive gracias a la estupidez desinformativa. Lo dijo siempre Gramsci y se corrobora en el texto de Federico Nietzsche \u201cMas all\u00e1 del Bien y del Mal\u201d (l\u00e9anlo extraordinaria visi\u00f3n filos\u00f3fica), esta oposici\u00f3n defensora de privilegios perdidos, de esperanzas cortadas, de visiones nunca reales, de evidentes intereses ajenos al bien com\u00fan y a la l\u00f3gica del bienestar colectivo. Ellos piensan, pensaron y pensar\u00e1n en sus prebendas econ\u00f3micas m\u00e1s que espirituales. Ellos que comulgan cada domingo, a boca abierta de lengua sacada, para esperar que las divinidades le otorguen el saqueo cotidiano que realizaron a sus visiones pol\u00edticas adversas de esta realidad cotidiana, con una pobreza provocada por sus intereses mal habidos.<\/span><\/p>\n<p><span style=\"font-size: 14pt;\">Oposici\u00f3n, opositora, a la desl\u00f3gica de la l\u00f3gica sin raz\u00f3n. Oposici\u00f3n creada exprofeso por los intereses imperiales. Oposici\u00f3n domesticada al sometimiento del juicio de la raz\u00f3n, como dijera Sartre. Viene el cambio, es evidente e inevitable, el cambio ser\u00e1 no solo en este sexenio, esperamos rebase la maledicencia del neoliberalismo.<\/span><\/p>\n<p>&nbsp;<\/p>\n<p><span style=\"font-size: 14pt;\">Ojal\u00e1, Dios, Buda, Ala, logren que perdure m\u00e1s que el absurdo neoliberal.<\/span><\/p>\n","protected":false},"excerpt":{"rendered":"<p>Por Francisco Blanco Calder\u00f3n Tiempos de cambios estos. Cambios del mundo unipolar al evidente multipolar. Amenazas nucleares, bombas at\u00f3micas ante<\/p>\n","protected":false},"author":4,"featured_media":37957,"comment_status":"closed","ping_status":"closed","sticky":false,"template":"","format":"standard","meta":{"colormag_page_container_layout":"default_layout","colormag_page_sidebar_layout":"default_layout","_jetpack_memberships_contains_paid_content":false,"footnotes":"","jetpack_publicize_message":"","jetpack_publicize_feature_enabled":true,"jetpack_social_post_already_shared":false,"jetpack_social_options":{"image_generator_settings":{"template":"highway","default_image_id":0,"font":"","enabled":false},"version":2}},"categories":[26],"tags":[],"class_list":["post-48281","post","type-post","status-publish","format-standard","has-post-thumbnail","hentry","category-columnistas"],"jetpack_publicize_connections":[],"jetpack_featured_media_url":"https:\/\/i0.wp.com\/politicosaldesnudo.com.mx\/wp-content\/uploads\/2024\/05\/ESCENARIOS.jpg?fit=1816%2C1016&ssl=1","jetpack-related-posts":[],"jetpack_sharing_enabled":true,"_links":{"self":[{"href":"https:\/\/politicosaldesnudo.com.mx\/index.php\/wp-json\/wp\/v2\/posts\/48281","targetHints":{"allow":["GET"]}}],"collection":[{"href":"https:\/\/politicosaldesnudo.com.mx\/index.php\/wp-json\/wp\/v2\/posts"}],"about":[{"href":"https:\/\/politicosaldesnudo.com.mx\/index.php\/wp-json\/wp\/v2\/types\/post"}],"author":[{"embeddable":true,"href":"https:\/\/politicosaldesnudo.com.mx\/index.php\/wp-json\/wp\/v2\/users\/4"}],"replies":[{"embeddable":true,"href":"https:\/\/politicosaldesnudo.com.mx\/index.php\/wp-json\/wp\/v2\/comments?post=48281"}],"version-history":[{"count":0,"href":"https:\/\/politicosaldesnudo.com.mx\/index.php\/wp-json\/wp\/v2\/posts\/48281\/revisions"}],"wp:featuredmedia":[{"embeddable":true,"href":"https:\/\/politicosaldesnudo.com.mx\/index.php\/wp-json\/wp\/v2\/media\/37957"}],"wp:attachment":[{"href":"https:\/\/politicosaldesnudo.com.mx\/index.php\/wp-json\/wp\/v2\/media?parent=48281"}],"wp:term":[{"taxonomy":"category","embeddable":true,"href":"https:\/\/politicosaldesnudo.com.mx\/index.php\/wp-json\/wp\/v2\/categories?post=48281"},{"taxonomy":"post_tag","embeddable":true,"href":"https:\/\/politicosaldesnudo.com.mx\/index.php\/wp-json\/wp\/v2\/tags?post=48281"}],"curies":[{"name":"wp","href":"https:\/\/api.w.org\/{rel}","templated":true}]}}