{"id":48283,"date":"2024-10-14T06:50:51","date_gmt":"2024-10-14T11:50:51","guid":{"rendered":"https:\/\/politicosaldesnudo.com.mx\/?p=48283"},"modified":"2024-10-13T23:58:12","modified_gmt":"2024-10-14T04:58:12","slug":"tombolas-sorteos-y-el-azar","status":"publish","type":"post","link":"https:\/\/politicosaldesnudo.com.mx\/index.php\/2024\/10\/14\/tombolas-sorteos-y-el-azar\/","title":{"rendered":"T\u00d3MBOLAS, SORTEOS Y EL AZAR"},"content":{"rendered":"<p><span style=\"font-size: 14pt;\">Ricardo Homs<\/span><\/p>\n<p><span style=\"font-size: 14pt;\">El asunto de la t\u00f3mbola para insacular prospectos para designar jueces y magistrados del Poder Judicial de la Federaci\u00f3n echa por tierra a todo el sistema de justicia de nuestra naci\u00f3n y genera la percepci\u00f3n p\u00fablica de ser este tipo de actividades un simple cargo burocr\u00e1tico, cuando el objetivo real de esta reforma judicial es mejorar la impartici\u00f3n de justicia en el pa\u00eds\u2026 o por lo menos eso fue lo que prometieron cuando desde Palacio Nacional empezaron a plantear la necesidad de mejorar la calidad de la impartici\u00f3n de justicia.<\/span><\/p>\n<p><span style=\"font-size: 14pt;\">Las expectativas ciudadanas de un cambio radical en la aplicaci\u00f3n de justicia para lograr que se abata la impunidad en la persecuci\u00f3n del delito y adem\u00e1s, se acaben las injusticias y los abusos por parte de autoridades menores y policiacas, -responsables de garantizar la seguridad ciudadana-, son muy altas. \u00a0<\/span><\/p>\n<p><span style=\"font-size: 14pt;\">Sin embargo, es evidente que la justicia cotidiana, -la que se aplica para atender al ciudadano com\u00fan-, seguir\u00e1 exactamente igual, pues ese tipo de justicia se aplica desde lo \u201clocal\u201d. En cambio, la justicia Federal se orienta a casos de alto impacto o a resolver injusticias cotidianas despu\u00e9s de que se hayan interpuesto recursos jur\u00eddicos desde lo local.<\/span><\/p>\n<p><span style=\"font-size: 14pt;\">Hoy que la delincuencia est\u00e1 incontrolable y se requiere una justicia expedita y justa, se est\u00e1 desmantelando el Poder Judicial Federal, el que representa hasta hoy la \u201c\u00faltima frontera\u201d cuando ya no hay recursos que interponer en el \u00e1mbito local.<\/span><\/p>\n<p><span style=\"font-size: 14pt;\">Sin embargo, con la resoluci\u00f3n de los consejeros de la Judicatura Federal que votaron a favor de desechar e invalidad todos los recursos jur\u00eddicos que interpusieron muchos jueces\u00a0 radicados a lo largo de nuestro territorio, para frenar la reforma judicial, se dinamit\u00f3 totalmente al estado de derecho y el respeto a nuestras leyes.<\/span><\/p>\n<p><span style=\"font-size: 14pt;\">El da\u00f1o al estado de derecho se conocer\u00e1 a mediano plazo, cuando funcionarios de mediano nivel caigan bajo la formalidad del \u201cdesacato\u201d y no suceda \u201cnada\u201d en su contra.<\/span><\/p>\n<p><span style=\"font-size: 14pt;\">Es inaudito que la acci\u00f3n que descredita a los jueces y destruye la credibilidad en nuestro sistema de impartici\u00f3n de justicia haya partido de la misma Judicatura Federal.<\/span><\/p>\n<p><span style=\"font-size: 14pt;\">Rescatar la credibilidad y confianza en el sistema de impartici\u00f3n de justicia llevar\u00e1 mucho tiempo, sin embargo, exigir el cumplimiento de las resoluciones de un juez, ser\u00e1 dif\u00edcil pues la Judicatura Federal ha echado por tierra la autoridad moral de los jueces y la obligatoriedad de que sus resoluciones sean acatadas.<\/span><\/p>\n<p><span style=\"font-size: 14pt;\">Por el bien de M\u00e9xico y la paz social es necesario proteger al estado de derecho, que es el alma de la democracia.<\/span><\/p>\n<p><span style=\"font-size: 14pt;\">\u00bfA usted qu\u00e9 le parece?<\/span><\/p>\n","protected":false},"excerpt":{"rendered":"<p>Ricardo Homs El asunto de la t\u00f3mbola para insacular prospectos para designar jueces y magistrados del Poder Judicial de la<\/p>\n","protected":false},"author":4,"featured_media":45388,"comment_status":"closed","ping_status":"closed","sticky":false,"template":"","format":"standard","meta":{"colormag_page_container_layout":"default_layout","colormag_page_sidebar_layout":"default_layout","_jetpack_memberships_contains_paid_content":false,"footnotes":"","jetpack_publicize_message":"","jetpack_publicize_feature_enabled":true,"jetpack_social_post_already_shared":false,"jetpack_social_options":{"image_generator_settings":{"template":"highway","default_image_id":0,"font":"","enabled":false},"version":2}},"categories":[26],"tags":[],"class_list":["post-48283","post","type-post","status-publish","format-standard","has-post-thumbnail","hentry","category-columnistas"],"jetpack_publicize_connections":[],"jetpack_featured_media_url":"https:\/\/i0.wp.com\/politicosaldesnudo.com.mx\/wp-content\/uploads\/2024\/09\/RICARDO-HOMS.jpg?fit=800%2C447&ssl=1","jetpack-related-posts":[],"jetpack_sharing_enabled":true,"_links":{"self":[{"href":"https:\/\/politicosaldesnudo.com.mx\/index.php\/wp-json\/wp\/v2\/posts\/48283","targetHints":{"allow":["GET"]}}],"collection":[{"href":"https:\/\/politicosaldesnudo.com.mx\/index.php\/wp-json\/wp\/v2\/posts"}],"about":[{"href":"https:\/\/politicosaldesnudo.com.mx\/index.php\/wp-json\/wp\/v2\/types\/post"}],"author":[{"embeddable":true,"href":"https:\/\/politicosaldesnudo.com.mx\/index.php\/wp-json\/wp\/v2\/users\/4"}],"replies":[{"embeddable":true,"href":"https:\/\/politicosaldesnudo.com.mx\/index.php\/wp-json\/wp\/v2\/comments?post=48283"}],"version-history":[{"count":0,"href":"https:\/\/politicosaldesnudo.com.mx\/index.php\/wp-json\/wp\/v2\/posts\/48283\/revisions"}],"wp:featuredmedia":[{"embeddable":true,"href":"https:\/\/politicosaldesnudo.com.mx\/index.php\/wp-json\/wp\/v2\/media\/45388"}],"wp:attachment":[{"href":"https:\/\/politicosaldesnudo.com.mx\/index.php\/wp-json\/wp\/v2\/media?parent=48283"}],"wp:term":[{"taxonomy":"category","embeddable":true,"href":"https:\/\/politicosaldesnudo.com.mx\/index.php\/wp-json\/wp\/v2\/categories?post=48283"},{"taxonomy":"post_tag","embeddable":true,"href":"https:\/\/politicosaldesnudo.com.mx\/index.php\/wp-json\/wp\/v2\/tags?post=48283"}],"curies":[{"name":"wp","href":"https:\/\/api.w.org\/{rel}","templated":true}]}}