{"id":48303,"date":"2024-10-14T08:09:34","date_gmt":"2024-10-14T13:09:34","guid":{"rendered":"https:\/\/politicosaldesnudo.com.mx\/?p=48303"},"modified":"2024-10-14T08:09:34","modified_gmt":"2024-10-14T13:09:34","slug":"arrancan-trabajos-preliminares-del-tren-mexico-queretaro-construccion-tardara-tres-anos","status":"publish","type":"post","link":"https:\/\/politicosaldesnudo.com.mx\/index.php\/2024\/10\/14\/arrancan-trabajos-preliminares-del-tren-mexico-queretaro-construccion-tardara-tres-anos\/","title":{"rendered":"Arrancan trabajos preliminares del tren M\u00e9xico-Quer\u00e9taro; construcci\u00f3n tardar\u00e1 tres a\u00f1os"},"content":{"rendered":"<p><span style=\"font-size: 14pt;\">Este domingo iniciaron los trabajos preliminares para la\u00a0construcci\u00f3n del tren de pasajeros\u00a0que vincular\u00e1 a la\u00a0Ciudad de M\u00e9xico\u00a0con la capital de Quer\u00e9taro, mediante un sistema de dos v\u00edas.\u00a0\u00a0<\/span><\/p>\n<p><span style=\"font-size: 14pt;\">Este arranque significa el inicio de los estudios que dar\u00e1n soporte al proyecto, previendo que la construcci\u00f3n inicie en abril del 2025 y tenga una duraci\u00f3n de tres a\u00f1os, confirm\u00f3 la presidenta de M\u00e9xico,\u00a0Claudia Sheinbaum Pardo.<\/span><\/p>\n<p><span style=\"font-size: 14pt;\">\u201cQueremos que en tres a\u00f1os est\u00e9 listo el tren M\u00e9xico-Quer\u00e9taro. A partir de hoy inicia formalmente todos los estudios. (..) Van a ver a ingenieros que est\u00e1n tomando medidas en helic\u00f3pteros, con una tecnolog\u00eda especial para hacer levantamientos y a partir de abril inicia la construcci\u00f3n, va a salir de Buena Vista, pasar\u00e1 por San Juan del R\u00edo y va a llegar a Quer\u00e9taro\u201d, declar\u00f3.<\/span><\/p>\n<p><span style=\"font-size: 14pt;\">Adicional a la l\u00ednea de carga, explic\u00f3, se establecer\u00e1n las l\u00edneas para trenes de pasajeros.\u00a0Se construir\u00e1n tres estaciones: una en Buena Vista\u00a0(en Ciudad de M\u00e9xico), la segunda en San Juan del R\u00edo (municipio del sur de Quer\u00e9taro) y la tercera en el municipio de Quer\u00e9taro.<\/span><\/p>\n","protected":false},"excerpt":{"rendered":"<p>Este domingo iniciaron los trabajos preliminares para la\u00a0construcci\u00f3n del tren de pasajeros\u00a0que vincular\u00e1 a la\u00a0Ciudad de M\u00e9xico\u00a0con la capital de<\/p>\n","protected":false},"author":4,"featured_media":48304,"comment_status":"closed","ping_status":"closed","sticky":false,"template":"","format":"standard","meta":{"colormag_page_container_layout":"default_layout","colormag_page_sidebar_layout":"default_layout","_jetpack_memberships_contains_paid_content":false,"footnotes":"","jetpack_publicize_message":"","jetpack_publicize_feature_enabled":true,"jetpack_social_post_already_shared":false,"jetpack_social_options":{"image_generator_settings":{"template":"highway","default_image_id":0,"font":"","enabled":false},"version":2}},"categories":[30],"tags":[],"class_list":["post-48303","post","type-post","status-publish","format-standard","has-post-thumbnail","hentry","category-estados"],"jetpack_publicize_connections":[],"jetpack_featured_media_url":"https:\/\/i0.wp.com\/politicosaldesnudo.com.mx\/wp-content\/uploads\/2024\/10\/670c55976a240.png?fit=756%2C472&ssl=1","jetpack-related-posts":[],"jetpack_sharing_enabled":true,"_links":{"self":[{"href":"https:\/\/politicosaldesnudo.com.mx\/index.php\/wp-json\/wp\/v2\/posts\/48303","targetHints":{"allow":["GET"]}}],"collection":[{"href":"https:\/\/politicosaldesnudo.com.mx\/index.php\/wp-json\/wp\/v2\/posts"}],"about":[{"href":"https:\/\/politicosaldesnudo.com.mx\/index.php\/wp-json\/wp\/v2\/types\/post"}],"author":[{"embeddable":true,"href":"https:\/\/politicosaldesnudo.com.mx\/index.php\/wp-json\/wp\/v2\/users\/4"}],"replies":[{"embeddable":true,"href":"https:\/\/politicosaldesnudo.com.mx\/index.php\/wp-json\/wp\/v2\/comments?post=48303"}],"version-history":[{"count":0,"href":"https:\/\/politicosaldesnudo.com.mx\/index.php\/wp-json\/wp\/v2\/posts\/48303\/revisions"}],"wp:featuredmedia":[{"embeddable":true,"href":"https:\/\/politicosaldesnudo.com.mx\/index.php\/wp-json\/wp\/v2\/media\/48304"}],"wp:attachment":[{"href":"https:\/\/politicosaldesnudo.com.mx\/index.php\/wp-json\/wp\/v2\/media?parent=48303"}],"wp:term":[{"taxonomy":"category","embeddable":true,"href":"https:\/\/politicosaldesnudo.com.mx\/index.php\/wp-json\/wp\/v2\/categories?post=48303"},{"taxonomy":"post_tag","embeddable":true,"href":"https:\/\/politicosaldesnudo.com.mx\/index.php\/wp-json\/wp\/v2\/tags?post=48303"}],"curies":[{"name":"wp","href":"https:\/\/api.w.org\/{rel}","templated":true}]}}