{"id":4831,"date":"2022-04-15T15:53:59","date_gmt":"2022-04-15T20:53:59","guid":{"rendered":"https:\/\/politicosaldesnudo.com.mx\/?p=4831"},"modified":"2022-05-05T15:57:14","modified_gmt":"2022-05-05T20:57:14","slug":"museo-de-la-amistad-mexico-cuba-lleno-de-vida-y-de-historia","status":"publish","type":"post","link":"https:\/\/politicosaldesnudo.com.mx\/index.php\/2022\/04\/15\/museo-de-la-amistad-mexico-cuba-lleno-de-vida-y-de-historia\/","title":{"rendered":"Museo de la Amistad M\u00e9xico-Cuba lleno de vida y de historia"},"content":{"rendered":"<p>&nbsp;<\/p>\n<p class=\"p1\"><span style=\"font-size: 14pt;\"><em><strong>Tuxpan, Veracruz.<\/strong> <\/em>En estas vacaciones de Semana Santa el <strong>Museo de la Amistad Cuba &#8211; M\u00e9xico<\/strong> luce rebosante de visitantes, este <strong>nuevo gobierno quiere y est\u00e1 seguro en fortalecer la historia con el pueblo cubano. <\/strong><\/span><\/p>\n<blockquote>\n<p class=\"p1\"><span style=\"font-size: 14pt;\">Los visitantes nacionales y extranjeros que llegan atra\u00eddos por la historia que envuelve la partida del yate \u201cGranma\u201d y los 82 expedicionarios cubanos que lideraron la lucha contra la dictadura e hicieron posible el triunfo de la Revoluci\u00f3n Cubana.<\/span><\/p>\n<\/blockquote>\n<p class=\"p1\"><span style=\"font-size: 14pt;\">El museo ubicado en Santiago de la Pe\u00f1a es un recinto con un gran simbolismo hist\u00f3rico para Cuba y representa un fuerte lazo de uni\u00f3n de dos pa\u00edses hermanos. <\/span><\/p>\n<p>&nbsp;<\/p>\n<p><img data-recalc-dims=\"1\" loading=\"lazy\" decoding=\"async\" class=\"aligncenter wp-image-3197 size-large\" src=\"https:\/\/i0.wp.com\/noticiasveracruz.com\/wp-content\/uploads\/2022\/04\/P-TUXPAN1-1024x573.png?resize=800%2C448\" alt=\"\" width=\"800\" height=\"448\" \/><\/p>\n<p>&nbsp;<\/p>\n<p class=\"p1\"><strong><span style=\"font-size: 14pt;\">HISTORIA DEL RECINTO<\/span><\/strong><\/p>\n<p class=\"p1\"><span style=\"font-size: 14pt;\">El inmueble que lo alberga fue casa-habitaci\u00f3n de expedicionarios cubanos pertenecientes al Movimiento 26 de julio, quienes lo adquirieron como condici\u00f3n al obtener el yate Granma.<\/span><\/p>\n<p class=\"p1\"><span style=\"font-size: 14pt;\">Con el triunfo de la Revoluci\u00f3n Cubana en 1956, la casa es abandonada. A\u00f1os despu\u00e9s, Antonio del Conde\u00a0<i>El Cuate<\/i>\u00a0la arregla con recursos del Movimiento y se la encomienda a Ces\u00e1reo Ortiz. <\/span><\/p>\n<p class=\"p1\"><span style=\"font-size: 14pt;\">En 1976 el Gobierno de Veracruz la confisca y durante la visita de Fidel Castro, \u00e9ste la cede a la comunidad y la inaugura como museo. <\/span><\/p>\n<p class=\"p1\"><span style=\"font-size: 14pt;\">Exhibe desde entonces una serie de fotograf\u00edas, bustos, uniformes y otros objetos relacionados con la Revoluci\u00f3n Cubana.<\/span><\/p>\n<p>&nbsp;<\/p>\n<p><img data-recalc-dims=\"1\" loading=\"lazy\" decoding=\"async\" class=\"aligncenter wp-image-3198 size-large\" src=\"https:\/\/i0.wp.com\/noticiasveracruz.com\/wp-content\/uploads\/2022\/04\/P-TUXPAN2-1024x573.png?resize=800%2C448\" alt=\"\" width=\"800\" height=\"448\" \/><\/p>\n<p>&nbsp;<\/p>\n<p>&nbsp;<\/p>\n<p>&nbsp;<\/p>\n<p>&nbsp;<\/p>\n","protected":false},"excerpt":{"rendered":"<p>&nbsp; Tuxpan, Veracruz. En estas vacaciones de Semana Santa el Museo de la Amistad Cuba &#8211; M\u00e9xico luce rebosante de<\/p>\n","protected":false},"author":4,"featured_media":4833,"comment_status":"closed","ping_status":"closed","sticky":false,"template":"","format":"standard","meta":{"colormag_page_container_layout":"default_layout","colormag_page_sidebar_layout":"default_layout","_jetpack_memberships_contains_paid_content":false,"footnotes":"","jetpack_publicize_message":"","jetpack_publicize_feature_enabled":true,"jetpack_social_post_already_shared":true,"jetpack_social_options":{"image_generator_settings":{"template":"highway","default_image_id":0,"font":"","enabled":false},"version":2}},"categories":[474],"tags":[37,642,70],"class_list":["post-4831","post","type-post","status-publish","format-standard","has-post-thumbnail","hentry","category-cultura","tag-cuba","tag-granma","tag-tuxpan"],"jetpack_publicize_connections":[],"jetpack_featured_media_url":"https:\/\/i0.wp.com\/politicosaldesnudo.com.mx\/wp-content\/uploads\/2022\/04\/P-TUXPAN3.png?fit=1816%2C1016&ssl=1","jetpack-related-posts":[],"jetpack_sharing_enabled":true,"_links":{"self":[{"href":"https:\/\/politicosaldesnudo.com.mx\/index.php\/wp-json\/wp\/v2\/posts\/4831","targetHints":{"allow":["GET"]}}],"collection":[{"href":"https:\/\/politicosaldesnudo.com.mx\/index.php\/wp-json\/wp\/v2\/posts"}],"about":[{"href":"https:\/\/politicosaldesnudo.com.mx\/index.php\/wp-json\/wp\/v2\/types\/post"}],"author":[{"embeddable":true,"href":"https:\/\/politicosaldesnudo.com.mx\/index.php\/wp-json\/wp\/v2\/users\/4"}],"replies":[{"embeddable":true,"href":"https:\/\/politicosaldesnudo.com.mx\/index.php\/wp-json\/wp\/v2\/comments?post=4831"}],"version-history":[{"count":0,"href":"https:\/\/politicosaldesnudo.com.mx\/index.php\/wp-json\/wp\/v2\/posts\/4831\/revisions"}],"wp:featuredmedia":[{"embeddable":true,"href":"https:\/\/politicosaldesnudo.com.mx\/index.php\/wp-json\/wp\/v2\/media\/4833"}],"wp:attachment":[{"href":"https:\/\/politicosaldesnudo.com.mx\/index.php\/wp-json\/wp\/v2\/media?parent=4831"}],"wp:term":[{"taxonomy":"category","embeddable":true,"href":"https:\/\/politicosaldesnudo.com.mx\/index.php\/wp-json\/wp\/v2\/categories?post=4831"},{"taxonomy":"post_tag","embeddable":true,"href":"https:\/\/politicosaldesnudo.com.mx\/index.php\/wp-json\/wp\/v2\/tags?post=4831"}],"curies":[{"name":"wp","href":"https:\/\/api.w.org\/{rel}","templated":true}]}}