{"id":48338,"date":"2024-10-15T00:01:19","date_gmt":"2024-10-15T05:01:19","guid":{"rendered":"https:\/\/politicosaldesnudo.com.mx\/?p=48338"},"modified":"2024-10-14T23:30:28","modified_gmt":"2024-10-15T04:30:28","slug":"preparan-ochavario-de-alto-lucero","status":"publish","type":"post","link":"https:\/\/politicosaldesnudo.com.mx\/index.php\/2024\/10\/15\/preparan-ochavario-de-alto-lucero\/","title":{"rendered":"Preparan Ochavario de Alto Lucero"},"content":{"rendered":"<p><span style=\"font-size: 14pt;\">El pante\u00f3n de Alto Lucero se convertir\u00e1 en un escenario m\u00e1gico el pr\u00f3ximo 9 de noviembre, cuando el Ochavario, re\u00fana a decenas de personas para celebrar la vida y la muerte al ritmo de la m\u00fasica de viento.<\/span><\/p>\n<p><span style=\"font-size: 14pt;\">El tradicional Ochavario, se realizar\u00e1 a partir de las 3:00 de la tarde, y los organizadores est\u00e1n preparando una serie de actividades para el gusto de todo el p\u00fablico, pero sobre todo para presentar sus ofrendas y oraciones en honor a los fieles difuntos, lo que sin duda representa una oportunidad para fortalecer los lazos familiares y comunitarios.<\/span><\/p>\n<p><span style=\"font-size: 14pt;\">La Agente Municipal; Bel\u00e9n Reyes, adelant\u00f3 que contaran con la \u00abTlahualompa\u00bb en vivo, un g\u00e9nero musical, profundamente arraigado en la cultura de la regi\u00f3n, y que acompa\u00f1ar\u00e1 las festividades.<\/span><\/p>\n<p><span style=\"font-size: 14pt;\">La entrada ser\u00e1 gratuita y agradeci\u00f3 a todas las personas que lo hacen posible, as\u00ed como a las autoridades y al presidente municipal por el apoyo y respaldo, a regidores que est\u00e1n aportando algunos beneficios y a empresarios que tambi\u00e9n se han sumado.<\/span><\/p>\n<p><span style=\"font-size: 14pt;\">Hizo extensiva la invitaci\u00f3n a todos los ciudadanos que gusten acudir, para pasar una tarde amena y en familia, puesto que este evento conjuga elementos religiosos, culturales y musicales, es una muestra del rico patrimonio de la regi\u00f3n.<\/span><\/p>\n<p><span style=\"font-size: 14pt;\">A esa actividades se suman las que habr\u00e1n de realizarse durante los \u00faltimos d\u00edas de octubre y el 1 y 2 de noviembre, en donde se esperan eventos por parte de organizaciones civiles como el llamado Festival de la Vida y la Muerte en la comunidad de Tumilco,\u00a0 as\u00ed como los que se realizan en La Mata, y por parte de las autoridades locales a trav\u00e9s de la direcci\u00f3n de Cultura.<\/span><\/p>\n","protected":false},"excerpt":{"rendered":"<p>El pante\u00f3n de Alto Lucero se convertir\u00e1 en un escenario m\u00e1gico el pr\u00f3ximo 9 de noviembre, cuando el Ochavario, re\u00fana<\/p>\n","protected":false},"author":4,"featured_media":48339,"comment_status":"closed","ping_status":"closed","sticky":false,"template":"","format":"standard","meta":{"colormag_page_container_layout":"default_layout","colormag_page_sidebar_layout":"default_layout","_jetpack_memberships_contains_paid_content":false,"footnotes":"","jetpack_publicize_message":"","jetpack_publicize_feature_enabled":true,"jetpack_social_post_already_shared":false,"jetpack_social_options":{"image_generator_settings":{"template":"highway","default_image_id":0,"font":"","enabled":false},"version":2}},"categories":[1082],"tags":[],"class_list":["post-48338","post","type-post","status-publish","format-standard","has-post-thumbnail","hentry","category-tuxpan"],"jetpack_publicize_connections":[],"jetpack_featured_media_url":"https:\/\/i0.wp.com\/politicosaldesnudo.com.mx\/wp-content\/uploads\/2024\/10\/4b1.jpg?fit=1200%2C784&ssl=1","jetpack-related-posts":[],"jetpack_sharing_enabled":true,"_links":{"self":[{"href":"https:\/\/politicosaldesnudo.com.mx\/index.php\/wp-json\/wp\/v2\/posts\/48338","targetHints":{"allow":["GET"]}}],"collection":[{"href":"https:\/\/politicosaldesnudo.com.mx\/index.php\/wp-json\/wp\/v2\/posts"}],"about":[{"href":"https:\/\/politicosaldesnudo.com.mx\/index.php\/wp-json\/wp\/v2\/types\/post"}],"author":[{"embeddable":true,"href":"https:\/\/politicosaldesnudo.com.mx\/index.php\/wp-json\/wp\/v2\/users\/4"}],"replies":[{"embeddable":true,"href":"https:\/\/politicosaldesnudo.com.mx\/index.php\/wp-json\/wp\/v2\/comments?post=48338"}],"version-history":[{"count":0,"href":"https:\/\/politicosaldesnudo.com.mx\/index.php\/wp-json\/wp\/v2\/posts\/48338\/revisions"}],"wp:featuredmedia":[{"embeddable":true,"href":"https:\/\/politicosaldesnudo.com.mx\/index.php\/wp-json\/wp\/v2\/media\/48339"}],"wp:attachment":[{"href":"https:\/\/politicosaldesnudo.com.mx\/index.php\/wp-json\/wp\/v2\/media?parent=48338"}],"wp:term":[{"taxonomy":"category","embeddable":true,"href":"https:\/\/politicosaldesnudo.com.mx\/index.php\/wp-json\/wp\/v2\/categories?post=48338"},{"taxonomy":"post_tag","embeddable":true,"href":"https:\/\/politicosaldesnudo.com.mx\/index.php\/wp-json\/wp\/v2\/tags?post=48338"}],"curies":[{"name":"wp","href":"https:\/\/api.w.org\/{rel}","templated":true}]}}