{"id":48341,"date":"2024-10-15T00:02:43","date_gmt":"2024-10-15T05:02:43","guid":{"rendered":"https:\/\/politicosaldesnudo.com.mx\/?p=48341"},"modified":"2024-10-14T23:31:53","modified_gmt":"2024-10-15T04:31:53","slug":"agotados-los-espacios","status":"publish","type":"post","link":"https:\/\/politicosaldesnudo.com.mx\/index.php\/2024\/10\/15\/agotados-los-espacios\/","title":{"rendered":"\u00a1Agotados! los espacios"},"content":{"rendered":"<p><span style=\"font-size: 14pt;\">La tradicional Plaza de Todos Santos est\u00e1 lista para recibir a miles de visitantes este a\u00f1o. Despu\u00e9s de agotarse los espacios para vender, se espera que la plaza sea un \u00e9xito rotundo.<\/span><\/p>\n<p><span style=\"font-size: 14pt;\">Seg\u00fan el edil comisionado Juan G\u00f3mez, se otorgaron 324 espacios, priorizando al comercio local, pero tambi\u00e9n abriendo oportunidades para comerciantes for\u00e1neos de lugares como Tepetzintla, Cerro Azul, \u00c1lamo, Hidalgo y Tlaxcala.<\/span><\/p>\n<p><span style=\"font-size: 14pt;\">Los costos para vendedores se mantuvieron en 700 pesos por espacio, sin incrementos respecto al a\u00f1o pasado, con el objetivo de no afectar la econom\u00eda de los comerciantes.<\/span><\/p>\n<p><span style=\"font-size: 14pt;\">Es importante destacar que cualquier pago superior a este monto no fue autorizado, por lo que se invita a aquellos que hayan pagado m\u00e1s a reportarlo.<\/span><\/p>\n<p><span style=\"font-size: 14pt;\">La plaza estar\u00e1 instalada en el coraz\u00f3n de la ciudad, en la zona centro, ocupando parte de la calle Garizurieta frente a la Catedral y la calle Emiliano Zapata, que ser\u00e1n cerradas a la circulaci\u00f3n.<\/span><\/p>\n<p><span style=\"font-size: 14pt;\">Los vendedores estar\u00e1n instalados del 29 al 31 de octubre, ofreciendo una variedad de productos y servicios a los visitantes.<\/span><\/p>\n<p><span style=\"font-size: 14pt;\">Adem\u00e1s de la venta de productos, la plaza ofrecer\u00e1 una serie de actividades culturales y recreativas para todos los gustos y edades.<\/span><\/p>\n<p><span style=\"font-size: 14pt;\">La Plaza de Todos los Santos es un evento tradicional que re\u00fane a la comunidad y a visitantes de toda la regi\u00f3n, y este a\u00f1o no ser\u00e1 la excepci\u00f3n.<\/span><\/p>\n<p><span style=\"font-size: 14pt;\">La organizaci\u00f3n de este evento busca fomentar la econom\u00eda local y promover la cultura y tradiciones de la regi\u00f3n. Con la participaci\u00f3n de comerciantes locales y for\u00e1neos, se espera que la Plaza sea un \u00e9xito y deje una huella positiva en la ciudadan\u00eda.<\/span><\/p>\n<p><span style=\"font-size: 14pt;\">Cabe se\u00f1alar que personal de Tr\u00e1nsito realizar\u00e1 su operativo para el cierre de los puntos a ocupar en el primer cuadro de la ciudad, con la finalidad de evitar alg\u00fan accidente, ya que por las noches este evento es muy concurrido, aunque hay personas que optan por la tranquilidad de acudir durante el d\u00eda.<\/span><\/p>\n","protected":false},"excerpt":{"rendered":"<p>La tradicional Plaza de Todos Santos est\u00e1 lista para recibir a miles de visitantes este a\u00f1o. Despu\u00e9s de agotarse los<\/p>\n","protected":false},"author":4,"featured_media":48342,"comment_status":"closed","ping_status":"closed","sticky":false,"template":"","format":"standard","meta":{"colormag_page_container_layout":"default_layout","colormag_page_sidebar_layout":"default_layout","_jetpack_memberships_contains_paid_content":false,"footnotes":"","jetpack_publicize_message":"","jetpack_publicize_feature_enabled":true,"jetpack_social_post_already_shared":false,"jetpack_social_options":{"image_generator_settings":{"template":"highway","default_image_id":0,"font":"","enabled":false},"version":2}},"categories":[1082],"tags":[],"class_list":["post-48341","post","type-post","status-publish","format-standard","has-post-thumbnail","hentry","category-tuxpan"],"jetpack_publicize_connections":[],"jetpack_featured_media_url":"https:\/\/i0.wp.com\/politicosaldesnudo.com.mx\/wp-content\/uploads\/2024\/10\/4a1-1.jpg?fit=960%2C540&ssl=1","jetpack-related-posts":[],"jetpack_sharing_enabled":true,"_links":{"self":[{"href":"https:\/\/politicosaldesnudo.com.mx\/index.php\/wp-json\/wp\/v2\/posts\/48341","targetHints":{"allow":["GET"]}}],"collection":[{"href":"https:\/\/politicosaldesnudo.com.mx\/index.php\/wp-json\/wp\/v2\/posts"}],"about":[{"href":"https:\/\/politicosaldesnudo.com.mx\/index.php\/wp-json\/wp\/v2\/types\/post"}],"author":[{"embeddable":true,"href":"https:\/\/politicosaldesnudo.com.mx\/index.php\/wp-json\/wp\/v2\/users\/4"}],"replies":[{"embeddable":true,"href":"https:\/\/politicosaldesnudo.com.mx\/index.php\/wp-json\/wp\/v2\/comments?post=48341"}],"version-history":[{"count":0,"href":"https:\/\/politicosaldesnudo.com.mx\/index.php\/wp-json\/wp\/v2\/posts\/48341\/revisions"}],"wp:featuredmedia":[{"embeddable":true,"href":"https:\/\/politicosaldesnudo.com.mx\/index.php\/wp-json\/wp\/v2\/media\/48342"}],"wp:attachment":[{"href":"https:\/\/politicosaldesnudo.com.mx\/index.php\/wp-json\/wp\/v2\/media?parent=48341"}],"wp:term":[{"taxonomy":"category","embeddable":true,"href":"https:\/\/politicosaldesnudo.com.mx\/index.php\/wp-json\/wp\/v2\/categories?post=48341"},{"taxonomy":"post_tag","embeddable":true,"href":"https:\/\/politicosaldesnudo.com.mx\/index.php\/wp-json\/wp\/v2\/tags?post=48341"}],"curies":[{"name":"wp","href":"https:\/\/api.w.org\/{rel}","templated":true}]}}