{"id":48350,"date":"2024-10-15T00:05:38","date_gmt":"2024-10-15T05:05:38","guid":{"rendered":"https:\/\/politicosaldesnudo.com.mx\/?p=48350"},"modified":"2024-10-14T23:37:13","modified_gmt":"2024-10-15T04:37:13","slug":"gobernador-de-sinaloa-responsabiliza-a-periodistas-de-cualquier-atentado-en-su-contra","status":"publish","type":"post","link":"https:\/\/politicosaldesnudo.com.mx\/index.php\/2024\/10\/15\/gobernador-de-sinaloa-responsabiliza-a-periodistas-de-cualquier-atentado-en-su-contra\/","title":{"rendered":"Gobernador de Sinaloa responsabiliza a periodistas de cualquier atentado en su contra"},"content":{"rendered":"<div>\n<div id=\"content-body-225-12706800\">\n<p><span style=\"font-size: 14pt;\">El gobernador Rub\u00e9n Rocha Moya\u00a0present\u00f3 durante una conferencia este lunes, una bit\u00e1cora de vuelo usada el d\u00eda\u00a025 de julio\u00a0como prueba de que, ese d\u00eda, sali\u00f3 de la ciudad de\u00a0Culiac\u00e1n\u00a0para\u00a0viajar a Los \u00c1ngeles, California.<\/span><\/p>\n<p><span style=\"font-size: 14pt;\">Dicha informaci\u00f3n, la hizo p\u00fablica luego de que en medios nacionales trascendiera que las autoridades estadounidenses desconocieron el ingreso del gobernador sinaloense a los Estados Unidos.<\/span><\/p>\n<\/div>\n<\/div>\n<div>\n<div id=\"dfp-nota-1x3s\" data-google-query-id=\"CLPL8eHHj4kDFU_t9QIdqTgDUQ\">\n<div id=\"google_ads_iframe_\/2000002\/la-prensa\/mexico_nota_1x3_0__container__\">\n<div id=\"inArticle_1\">\n<div>\n<div>\n<div>\n<div><span style=\"font-size: 14pt;\">En ese sentido, Rocha Moya asegur\u00f3 que los se\u00f1alamientos e informaci\u00f3n publicada\u00a0por periodistas del peri\u00f3dico\u00a0Reforma\u00a0y la periodista,\u00a0Azucena Uresti, se trataba de falsedades que han puesto en riesgo su vida, pues se han encargado de convencer a los\u00a0grupos criminales\u00a0de que \u00e9l estuvo involucrado en el supuesto secuestro del\u00a0Mayo Zambada.<\/span><\/div>\n<div>\n<p><span style=\"font-size: 14pt;\">\u201cEso es una total\u00a0mentira y falsedad, algo que no ha ocurrido, eso no ocurri\u00f3, no pueden demostrarlo por m\u00e1s que quieran, por m\u00e1s mentiras y m\u00e1s fuerza que tengan, lo que yo les digo a ellos es que me est\u00e1n haciendo da\u00f1o, a m\u00ed y a mi familia divulgando una mentira\u201d,\u00a0expres\u00f3.<\/span><\/p>\n<p><span style=\"font-size: 14pt;\">El gobernador explic\u00f3 que, los\u00a0periodistas, lo que buscan es que el grupo aliado a\u00a0\u00abEl Mayo\u00bb, piense que \u00e9l es responsable de los hechos ocurridos el pasado\u00a025 de julio\u00a0y que tomen represar\u00edas contra \u00e9l, como consecuencia.<\/span><\/p>\n<\/div>\n<\/div>\n<\/div>\n<\/div>\n<\/div>\n<\/div>\n<\/div>\n<\/div>\n","protected":false},"excerpt":{"rendered":"<p>El gobernador Rub\u00e9n Rocha Moya\u00a0present\u00f3 durante una conferencia este lunes, una bit\u00e1cora de vuelo usada el d\u00eda\u00a025 de julio\u00a0como prueba<\/p>\n","protected":false},"author":4,"featured_media":48351,"comment_status":"closed","ping_status":"closed","sticky":false,"template":"","format":"standard","meta":{"colormag_page_container_layout":"default_layout","colormag_page_sidebar_layout":"default_layout","_jetpack_memberships_contains_paid_content":false,"footnotes":"","jetpack_publicize_message":"","jetpack_publicize_feature_enabled":true,"jetpack_social_post_already_shared":false,"jetpack_social_options":{"image_generator_settings":{"template":"highway","default_image_id":0,"font":"","enabled":false},"version":2}},"categories":[33],"tags":[],"class_list":["post-48350","post","type-post","status-publish","format-standard","has-post-thumbnail","hentry","category-nacional"],"jetpack_publicize_connections":[],"jetpack_featured_media_url":"https:\/\/i0.wp.com\/politicosaldesnudo.com.mx\/wp-content\/uploads\/2024\/10\/rocha-moya.jpg?fit=768%2C479&ssl=1","jetpack-related-posts":[],"jetpack_sharing_enabled":true,"_links":{"self":[{"href":"https:\/\/politicosaldesnudo.com.mx\/index.php\/wp-json\/wp\/v2\/posts\/48350","targetHints":{"allow":["GET"]}}],"collection":[{"href":"https:\/\/politicosaldesnudo.com.mx\/index.php\/wp-json\/wp\/v2\/posts"}],"about":[{"href":"https:\/\/politicosaldesnudo.com.mx\/index.php\/wp-json\/wp\/v2\/types\/post"}],"author":[{"embeddable":true,"href":"https:\/\/politicosaldesnudo.com.mx\/index.php\/wp-json\/wp\/v2\/users\/4"}],"replies":[{"embeddable":true,"href":"https:\/\/politicosaldesnudo.com.mx\/index.php\/wp-json\/wp\/v2\/comments?post=48350"}],"version-history":[{"count":0,"href":"https:\/\/politicosaldesnudo.com.mx\/index.php\/wp-json\/wp\/v2\/posts\/48350\/revisions"}],"wp:featuredmedia":[{"embeddable":true,"href":"https:\/\/politicosaldesnudo.com.mx\/index.php\/wp-json\/wp\/v2\/media\/48351"}],"wp:attachment":[{"href":"https:\/\/politicosaldesnudo.com.mx\/index.php\/wp-json\/wp\/v2\/media?parent=48350"}],"wp:term":[{"taxonomy":"category","embeddable":true,"href":"https:\/\/politicosaldesnudo.com.mx\/index.php\/wp-json\/wp\/v2\/categories?post=48350"},{"taxonomy":"post_tag","embeddable":true,"href":"https:\/\/politicosaldesnudo.com.mx\/index.php\/wp-json\/wp\/v2\/tags?post=48350"}],"curies":[{"name":"wp","href":"https:\/\/api.w.org\/{rel}","templated":true}]}}