{"id":48353,"date":"2024-10-15T00:06:42","date_gmt":"2024-10-15T05:06:42","guid":{"rendered":"https:\/\/politicosaldesnudo.com.mx\/?p=48353"},"modified":"2024-10-14T23:40:03","modified_gmt":"2024-10-15T04:40:03","slug":"madres-buscadoras-denuncian-irregularidades-desaparecidos-aparecen-listas-de-bienestar","status":"publish","type":"post","link":"https:\/\/politicosaldesnudo.com.mx\/index.php\/2024\/10\/15\/madres-buscadoras-denuncian-irregularidades-desaparecidos-aparecen-listas-de-bienestar\/","title":{"rendered":"Madres buscadoras denuncian irregularidades; desaparecidos aparecen listas de Bienestar"},"content":{"rendered":"<div>\n<div id=\"content-body-225-12704913\">\n<p><span style=\"font-size: 14pt;\">Las\u00a0madres buscadoras\u00a0del\u00a0Colectivo \u201c10 de Octubre\u201d\u00a0denunciaron que han detectado que algunos de sus\u00a0hijos que se encuentran en calidad de desaparecidos, est\u00e1n\u00a0activos como beneficiarios de la Secretar\u00eda de Bienestar; incluso\u00a0aparecen en el censo de vacunaci\u00f3n contra el Covid-19,\u00a0lo que detectaron por las\u00a0plataformas de informaci\u00f3n del propio Gobierno Federal.<\/span><\/p>\n<p><span style=\"font-size: 14pt;\">Algunos de los\u00a0j\u00f3venes\u00a0tienen\u00a0m\u00e1s de 13 a\u00f1os ausentes\u00a0y esto no s\u00f3lo revela descuido, sino es que\u00a0corrupci\u00f3n y lo m\u00e1s importante que nadie los est\u00e1 buscando.<\/span><\/p>\n<\/div>\n<\/div>\n<div>\n<div id=\"dfp-nota-1x3s\" data-google-query-id=\"CMf45JzIj4kDFSDPTwIduocTpA\">\n<div id=\"google_ads_iframe_\/2000002\/la-prensa\/mexico_nota_1x3_0__container__\">\n<div id=\"inArticle_1\">\n<div>\n<div>\n<div>\n<div><span style=\"font-size: 14pt;\">Durante la\u00a0b\u00fasqueda de sus hijos, las madres que integran el\u00a0Colectivo \u201c10 de Octubre\u201d\u00a0en la regi\u00f3n sur del estado de Chihuahua, han detectado una serie de\u00a0irregularidades\u00a0en las que se\u00f1alan al\u00a0Gobierno Federal como el principal responsable.<\/span><\/div>\n<div>\n<p><span style=\"font-size: 14pt;\">De igual forma, explicaron que sus nombres aparecen en el\u00a0censo de vacunaci\u00f3n contra el Covid-19,\u00a0lo cual lograron detectar a trav\u00e9s de las\u00a0diferentes plataformas\u00a0de informaci\u00f3n del propio\u00a0Gobierno Federal.<\/span><\/p>\n<p><span style=\"font-size: 14pt;\">\u201cNo es posible que esto suceda, como madres es una\u00a0burla hacia nuestra lucha y sufrimiento,\u00a0ya que no puede ser que los datos de nuestros hijos desaparecidos aparezcan en este tipo de censos, las\u00a0autoridades se deslindan\u00a0de su responsabilidad muy f\u00e1cilmente\u201d.<\/span><\/p>\n<\/div>\n<\/div>\n<\/div>\n<\/div>\n<\/div>\n<\/div>\n<\/div>\n<\/div>\n","protected":false},"excerpt":{"rendered":"<p>Las\u00a0madres buscadoras\u00a0del\u00a0Colectivo \u201c10 de Octubre\u201d\u00a0denunciaron que han detectado que algunos de sus\u00a0hijos que se encuentran en calidad de desaparecidos, est\u00e1n\u00a0activos<\/p>\n","protected":false},"author":4,"featured_media":48354,"comment_status":"closed","ping_status":"closed","sticky":false,"template":"","format":"standard","meta":{"colormag_page_container_layout":"default_layout","colormag_page_sidebar_layout":"default_layout","_jetpack_memberships_contains_paid_content":false,"footnotes":"","jetpack_publicize_message":"","jetpack_publicize_feature_enabled":true,"jetpack_social_post_already_shared":false,"jetpack_social_options":{"image_generator_settings":{"template":"highway","default_image_id":0,"font":"","enabled":false},"version":2}},"categories":[33],"tags":[],"class_list":["post-48353","post","type-post","status-publish","format-standard","has-post-thumbnail","hentry","category-nacional"],"jetpack_publicize_connections":[],"jetpack_featured_media_url":"https:\/\/i0.wp.com\/politicosaldesnudo.com.mx\/wp-content\/uploads\/2024\/10\/Buscadoras-1.jpg?fit=768%2C479&ssl=1","jetpack-related-posts":[],"jetpack_sharing_enabled":true,"_links":{"self":[{"href":"https:\/\/politicosaldesnudo.com.mx\/index.php\/wp-json\/wp\/v2\/posts\/48353","targetHints":{"allow":["GET"]}}],"collection":[{"href":"https:\/\/politicosaldesnudo.com.mx\/index.php\/wp-json\/wp\/v2\/posts"}],"about":[{"href":"https:\/\/politicosaldesnudo.com.mx\/index.php\/wp-json\/wp\/v2\/types\/post"}],"author":[{"embeddable":true,"href":"https:\/\/politicosaldesnudo.com.mx\/index.php\/wp-json\/wp\/v2\/users\/4"}],"replies":[{"embeddable":true,"href":"https:\/\/politicosaldesnudo.com.mx\/index.php\/wp-json\/wp\/v2\/comments?post=48353"}],"version-history":[{"count":0,"href":"https:\/\/politicosaldesnudo.com.mx\/index.php\/wp-json\/wp\/v2\/posts\/48353\/revisions"}],"wp:featuredmedia":[{"embeddable":true,"href":"https:\/\/politicosaldesnudo.com.mx\/index.php\/wp-json\/wp\/v2\/media\/48354"}],"wp:attachment":[{"href":"https:\/\/politicosaldesnudo.com.mx\/index.php\/wp-json\/wp\/v2\/media?parent=48353"}],"wp:term":[{"taxonomy":"category","embeddable":true,"href":"https:\/\/politicosaldesnudo.com.mx\/index.php\/wp-json\/wp\/v2\/categories?post=48353"},{"taxonomy":"post_tag","embeddable":true,"href":"https:\/\/politicosaldesnudo.com.mx\/index.php\/wp-json\/wp\/v2\/tags?post=48353"}],"curies":[{"name":"wp","href":"https:\/\/api.w.org\/{rel}","templated":true}]}}