{"id":48356,"date":"2024-10-15T00:07:36","date_gmt":"2024-10-15T05:07:36","guid":{"rendered":"https:\/\/politicosaldesnudo.com.mx\/?p=48356"},"modified":"2024-10-14T23:42:15","modified_gmt":"2024-10-15T04:42:15","slug":"avanza-en-comisiones-del-senado-reforma-ferroviaria-para-revivir-trenes-de-pasajeros","status":"publish","type":"post","link":"https:\/\/politicosaldesnudo.com.mx\/index.php\/2024\/10\/15\/avanza-en-comisiones-del-senado-reforma-ferroviaria-para-revivir-trenes-de-pasajeros\/","title":{"rendered":"Avanza en comisiones del Senado reforma ferroviaria para revivir trenes de pasajeros"},"content":{"rendered":"<div>\n<div id=\"content-body-225-12707461\">\n<p><span style=\"font-size: 14pt;\">Las\u00a0Comisiones Unidas de Puntos Constitucionales, de Comunicaciones y de Estudios legislativos\u00a0del\u00a0Senado\u00a0aprobaron\u00a0este lunes el\u00a0dictamen\u00a0de\u00a0reforma constitucional al art\u00edculo 28, con el que se establecer\u00e1 eventualmente que el\u00a0transporte ferroviario\u00a0de pasajeros en M\u00e9xico\u00a0sea\u00a0\u201cun \u00e1rea\u00a0prioritaria\u00a0para el\u00a0desarrollo nacional\u201d.<\/span><\/p>\n<p><span style=\"font-size: 14pt;\">Tras aprobarse el dictamen\u00a0por unanimidad por los miembros de las tres comisiones, fue\u00a0remitido a la Mesa Directiva del Senado\u00a0para su\u00a0eventual discusi\u00f3n y votaci\u00f3n por el Pleno de la C\u00e1mara alta.<\/span><\/p>\n<\/div>\n<\/div>\n<div>\n<div id=\"dfp-nota-1x3s\" data-google-query-id=\"CODAve_Ij4kDFUKFpgQdlaUd3Q\">\n<div id=\"google_ads_iframe_\/2000002\/la-prensa\/mexico_nota_1x3_0__container__\"><span style=\"font-size: 14pt;\">La enmienda permitir\u00e1\u00a0al Gobierno Federal que otorgue\u00a0concesiones a empresas privadas, as\u00ed como\u00a0asignaciones a estados,\u00a0municipios\u00a0y\u00a0entidades paraestatales para operar los trenes de pasajeros\u00a0en todo el pa\u00eds.<\/span><\/div>\n<\/div>\n<\/div>\n","protected":false},"excerpt":{"rendered":"<p>Las\u00a0Comisiones Unidas de Puntos Constitucionales, de Comunicaciones y de Estudios legislativos\u00a0del\u00a0Senado\u00a0aprobaron\u00a0este lunes el\u00a0dictamen\u00a0de\u00a0reforma constitucional al art\u00edculo 28, con el que<\/p>\n","protected":false},"author":4,"featured_media":48357,"comment_status":"closed","ping_status":"closed","sticky":false,"template":"","format":"standard","meta":{"colormag_page_container_layout":"default_layout","colormag_page_sidebar_layout":"default_layout","_jetpack_memberships_contains_paid_content":false,"footnotes":"","jetpack_publicize_message":"","jetpack_publicize_feature_enabled":true,"jetpack_social_post_already_shared":false,"jetpack_social_options":{"image_generator_settings":{"template":"highway","default_image_id":0,"font":"","enabled":false},"version":2}},"categories":[33],"tags":[],"class_list":["post-48356","post","type-post","status-publish","format-standard","has-post-thumbnail","hentry","category-nacional"],"jetpack_publicize_connections":[],"jetpack_featured_media_url":"https:\/\/i0.wp.com\/politicosaldesnudo.com.mx\/wp-content\/uploads\/2024\/10\/Comisiones-del-Senado.jpg?fit=768%2C479&ssl=1","jetpack-related-posts":[],"jetpack_sharing_enabled":true,"_links":{"self":[{"href":"https:\/\/politicosaldesnudo.com.mx\/index.php\/wp-json\/wp\/v2\/posts\/48356","targetHints":{"allow":["GET"]}}],"collection":[{"href":"https:\/\/politicosaldesnudo.com.mx\/index.php\/wp-json\/wp\/v2\/posts"}],"about":[{"href":"https:\/\/politicosaldesnudo.com.mx\/index.php\/wp-json\/wp\/v2\/types\/post"}],"author":[{"embeddable":true,"href":"https:\/\/politicosaldesnudo.com.mx\/index.php\/wp-json\/wp\/v2\/users\/4"}],"replies":[{"embeddable":true,"href":"https:\/\/politicosaldesnudo.com.mx\/index.php\/wp-json\/wp\/v2\/comments?post=48356"}],"version-history":[{"count":0,"href":"https:\/\/politicosaldesnudo.com.mx\/index.php\/wp-json\/wp\/v2\/posts\/48356\/revisions"}],"wp:featuredmedia":[{"embeddable":true,"href":"https:\/\/politicosaldesnudo.com.mx\/index.php\/wp-json\/wp\/v2\/media\/48357"}],"wp:attachment":[{"href":"https:\/\/politicosaldesnudo.com.mx\/index.php\/wp-json\/wp\/v2\/media?parent=48356"}],"wp:term":[{"taxonomy":"category","embeddable":true,"href":"https:\/\/politicosaldesnudo.com.mx\/index.php\/wp-json\/wp\/v2\/categories?post=48356"},{"taxonomy":"post_tag","embeddable":true,"href":"https:\/\/politicosaldesnudo.com.mx\/index.php\/wp-json\/wp\/v2\/tags?post=48356"}],"curies":[{"name":"wp","href":"https:\/\/api.w.org\/{rel}","templated":true}]}}