{"id":48422,"date":"2024-10-16T00:10:20","date_gmt":"2024-10-16T05:10:20","guid":{"rendered":"https:\/\/politicosaldesnudo.com.mx\/?p=48422"},"modified":"2024-10-15T23:32:20","modified_gmt":"2024-10-16T04:32:20","slug":"suecia-busca-ampliar-su-presencia-en-sectores-clave-en-mexico-embajador-gunnar-alden","status":"publish","type":"post","link":"https:\/\/politicosaldesnudo.com.mx\/index.php\/2024\/10\/16\/suecia-busca-ampliar-su-presencia-en-sectores-clave-en-mexico-embajador-gunnar-alden\/","title":{"rendered":"Suecia busca ampliar su presencia en sectores clave en M\u00e9xico: Embajador Gunnar Alden"},"content":{"rendered":"<p><span style=\"font-size: 14pt;\">El embajador de Suecia en M\u00e9xico, Gunnar Alden coment\u00f3 que adem\u00e1s de la hist\u00f3rica relaci\u00f3n de Suecia y M\u00e9xico, que es el sector automotriz, exploran nuevas \u00e1reas para invertir, como ciencias de la vida, energ\u00eda, digitalizaci\u00f3n y miner\u00eda, con un enfoque en fortalecer la colaboraci\u00f3n con el estado de Nuevo Le\u00f3n.<\/span><\/p>\n<div>\n<div>\n<p><span style=\"font-size: 14pt;\">El diplom\u00e1tico coment\u00f3 durante la ceremonia de colocaci\u00f3n de la primera piedra de la planta de\u00a0Volvo Group, que M\u00e9xico y Suecia tienen una relaci\u00f3n diplom\u00e1tica de 140 a\u00f1os. Celebr\u00f3 que la armadora de camiones pesados haya realizado una inversi\u00f3n tan grande y emblem\u00e1tica por 700 millones de d\u00f3lares.<\/span><\/p>\n<div><span style=\"font-size: 14pt;\">\u201cEs fant\u00e1stico ver c\u00f3mo inicia aqu\u00ed este gran proyecto de las marcas Volvo Trucks y Mack Trucks de 700 millones de d\u00f3lares. Hace un a\u00f1o en la inauguraci\u00f3n de la planta de SKF en Guadalupe (Nuevo Le\u00f3n)\u201d, tambi\u00e9n del sector automotriz, se invirtieron alrededor de 70 millones de d\u00f3lares y ABB, empresa de energ\u00eda y sustentabilidad, que invirti\u00f3 hace unos a\u00f1os.<\/span><\/div>\n<p><span style=\"font-size: 14pt;\">Dijo que posiblemente habr\u00eda otras empresas interesadas en invertir en M\u00e9xico, por el impacto de la inversi\u00f3n de Volvo. Estim\u00f3 que en M\u00e9xico se han instalado alrededor de 200 empresas suecas, de ellas, las m\u00e1s importantes son\u00a0Volvo Group,\u00a0SKF\u00a0y\u00a0ABB.<\/span><\/p>\n<\/div>\n<\/div>\n","protected":false},"excerpt":{"rendered":"<p>El embajador de Suecia en M\u00e9xico, Gunnar Alden coment\u00f3 que adem\u00e1s de la hist\u00f3rica relaci\u00f3n de Suecia y M\u00e9xico, que<\/p>\n","protected":false},"author":4,"featured_media":48423,"comment_status":"closed","ping_status":"closed","sticky":false,"template":"","format":"standard","meta":{"colormag_page_container_layout":"default_layout","colormag_page_sidebar_layout":"default_layout","_jetpack_memberships_contains_paid_content":false,"footnotes":"","jetpack_publicize_message":"","jetpack_publicize_feature_enabled":true,"jetpack_social_post_already_shared":false,"jetpack_social_options":{"image_generator_settings":{"template":"highway","default_image_id":0,"font":"","enabled":false},"version":2}},"categories":[30],"tags":[],"class_list":["post-48422","post","type-post","status-publish","format-standard","has-post-thumbnail","hentry","category-estados"],"jetpack_publicize_connections":[],"jetpack_featured_media_url":"https:\/\/i0.wp.com\/politicosaldesnudo.com.mx\/wp-content\/uploads\/2024\/10\/670f0bc1c6d51.r_d.386-311-5009.png?fit=1000%2C563&ssl=1","jetpack-related-posts":[],"jetpack_sharing_enabled":true,"_links":{"self":[{"href":"https:\/\/politicosaldesnudo.com.mx\/index.php\/wp-json\/wp\/v2\/posts\/48422","targetHints":{"allow":["GET"]}}],"collection":[{"href":"https:\/\/politicosaldesnudo.com.mx\/index.php\/wp-json\/wp\/v2\/posts"}],"about":[{"href":"https:\/\/politicosaldesnudo.com.mx\/index.php\/wp-json\/wp\/v2\/types\/post"}],"author":[{"embeddable":true,"href":"https:\/\/politicosaldesnudo.com.mx\/index.php\/wp-json\/wp\/v2\/users\/4"}],"replies":[{"embeddable":true,"href":"https:\/\/politicosaldesnudo.com.mx\/index.php\/wp-json\/wp\/v2\/comments?post=48422"}],"version-history":[{"count":0,"href":"https:\/\/politicosaldesnudo.com.mx\/index.php\/wp-json\/wp\/v2\/posts\/48422\/revisions"}],"wp:featuredmedia":[{"embeddable":true,"href":"https:\/\/politicosaldesnudo.com.mx\/index.php\/wp-json\/wp\/v2\/media\/48423"}],"wp:attachment":[{"href":"https:\/\/politicosaldesnudo.com.mx\/index.php\/wp-json\/wp\/v2\/media?parent=48422"}],"wp:term":[{"taxonomy":"category","embeddable":true,"href":"https:\/\/politicosaldesnudo.com.mx\/index.php\/wp-json\/wp\/v2\/categories?post=48422"},{"taxonomy":"post_tag","embeddable":true,"href":"https:\/\/politicosaldesnudo.com.mx\/index.php\/wp-json\/wp\/v2\/tags?post=48422"}],"curies":[{"name":"wp","href":"https:\/\/api.w.org\/{rel}","templated":true}]}}