{"id":48434,"date":"2024-10-16T00:14:07","date_gmt":"2024-10-16T05:14:07","guid":{"rendered":"https:\/\/politicosaldesnudo.com.mx\/?p=48434"},"modified":"2024-10-15T23:38:59","modified_gmt":"2024-10-16T04:38:59","slug":"asesinan-a-roman-ruiz-presidente-municipal-de-candelaria-loxicha-oaxaca","status":"publish","type":"post","link":"https:\/\/politicosaldesnudo.com.mx\/index.php\/2024\/10\/16\/asesinan-a-roman-ruiz-presidente-municipal-de-candelaria-loxicha-oaxaca\/","title":{"rendered":"Asesinan a Rom\u00e1n Ruiz, presidente municipal de Candelaria Loxicha, Oaxaca"},"content":{"rendered":"<p><span style=\"font-size: 14pt;\">El presidente municipal de Candelaria, Loxicha,\u00a0Rom\u00e1n Ruiz Boh\u00f3rquez, fue asesinado\u00a0la madrugada de este martes cuando se encontraba en las calles de su comunidad.<\/span><\/p>\n<p><span style=\"font-size: 14pt;\">El hecho fue confirmado a trav\u00e9s de las redes sociales del Ayuntamiento de Santa Catarina, Loxicha, donde se indic\u00f3 que\u00a0el edil fue atacado con arma blanca\u00a0cerca de la medianoche.<\/span><\/p>\n<p><span style=\"font-size: 14pt;\">Aunque el edil recibi\u00f3 los primeros auxilios,\u00a0muri\u00f3 cuando era trasladado a un nosocomio\u00a0para recibir atenci\u00f3n m\u00e9dica.<\/span><\/p>\n<p><span style=\"font-size: 14pt;\">El gobernador de Oaxaca,\u00a0Salom\u00f3n Jara Cruz,\u00a0conden\u00f3 de manera energ\u00e9tica el homicidio de Ruiz Boh\u00f3rquez, aunque no dio mayores detalles del crimen.<\/span><\/p>\n<p><span style=\"font-size: 14pt;\">Candelaria Loxicha es un municipio enclavado en la Sierra Sur del estado de Oaxaca y a principios de los a\u00f1os 90, en esa zona se gest\u00f3 el Ej\u00e9rcito Popular Revolucionario (EPR).<\/span><\/p>\n","protected":false},"excerpt":{"rendered":"<p>El presidente municipal de Candelaria, Loxicha,\u00a0Rom\u00e1n Ruiz Boh\u00f3rquez, fue asesinado\u00a0la madrugada de este martes cuando se encontraba en las calles<\/p>\n","protected":false},"author":4,"featured_media":48435,"comment_status":"closed","ping_status":"closed","sticky":false,"template":"","format":"standard","meta":{"colormag_page_container_layout":"default_layout","colormag_page_sidebar_layout":"default_layout","_jetpack_memberships_contains_paid_content":false,"footnotes":"","jetpack_publicize_message":"","jetpack_publicize_feature_enabled":true,"jetpack_social_post_already_shared":false,"jetpack_social_options":{"image_generator_settings":{"template":"highway","default_image_id":0,"font":"","enabled":false},"version":2}},"categories":[33],"tags":[],"class_list":["post-48434","post","type-post","status-publish","format-standard","has-post-thumbnail","hentry","category-nacional"],"jetpack_publicize_connections":[],"jetpack_featured_media_url":"https:\/\/i0.wp.com\/politicosaldesnudo.com.mx\/wp-content\/uploads\/2024\/10\/Roman-Ruiz-Bohorquez.jpg?fit=768%2C479&ssl=1","jetpack-related-posts":[],"jetpack_sharing_enabled":true,"_links":{"self":[{"href":"https:\/\/politicosaldesnudo.com.mx\/index.php\/wp-json\/wp\/v2\/posts\/48434","targetHints":{"allow":["GET"]}}],"collection":[{"href":"https:\/\/politicosaldesnudo.com.mx\/index.php\/wp-json\/wp\/v2\/posts"}],"about":[{"href":"https:\/\/politicosaldesnudo.com.mx\/index.php\/wp-json\/wp\/v2\/types\/post"}],"author":[{"embeddable":true,"href":"https:\/\/politicosaldesnudo.com.mx\/index.php\/wp-json\/wp\/v2\/users\/4"}],"replies":[{"embeddable":true,"href":"https:\/\/politicosaldesnudo.com.mx\/index.php\/wp-json\/wp\/v2\/comments?post=48434"}],"version-history":[{"count":0,"href":"https:\/\/politicosaldesnudo.com.mx\/index.php\/wp-json\/wp\/v2\/posts\/48434\/revisions"}],"wp:featuredmedia":[{"embeddable":true,"href":"https:\/\/politicosaldesnudo.com.mx\/index.php\/wp-json\/wp\/v2\/media\/48435"}],"wp:attachment":[{"href":"https:\/\/politicosaldesnudo.com.mx\/index.php\/wp-json\/wp\/v2\/media?parent=48434"}],"wp:term":[{"taxonomy":"category","embeddable":true,"href":"https:\/\/politicosaldesnudo.com.mx\/index.php\/wp-json\/wp\/v2\/categories?post=48434"},{"taxonomy":"post_tag","embeddable":true,"href":"https:\/\/politicosaldesnudo.com.mx\/index.php\/wp-json\/wp\/v2\/tags?post=48434"}],"curies":[{"name":"wp","href":"https:\/\/api.w.org\/{rel}","templated":true}]}}