{"id":48594,"date":"2024-10-18T07:55:42","date_gmt":"2024-10-18T12:55:42","guid":{"rendered":"https:\/\/politicosaldesnudo.com.mx\/?p=48594"},"modified":"2024-10-18T07:55:42","modified_gmt":"2024-10-18T12:55:42","slug":"transporte-publico-nido-de-corrupcion","status":"publish","type":"post","link":"https:\/\/politicosaldesnudo.com.mx\/index.php\/2024\/10\/18\/transporte-publico-nido-de-corrupcion\/","title":{"rendered":"Transporte P\u00fablico: Nido de corrupci\u00f3n"},"content":{"rendered":"<p><strong><span style=\"font-size: 14pt;\">Por: Luis Ram\u00edrez Baqueiro<\/span><\/strong><\/p>\n<p><em><span style=\"font-size: 14pt;\">\u201cEl verdadero progreso consiste en renovarse.\u201d \u2013 Alejandro Vinet.<\/span><\/em><\/p>\n<p><span style=\"font-size: 14pt;\">\u00a0<\/span><span style=\"font-size: 14pt;\">Una de las quejas recurrentes de los veracruzanos es la imperante corrupci\u00f3n en la Direcci\u00f3n de Tr\u00e1nsito y en la Direcci\u00f3n de Transporte P\u00fablico del Estado.<\/span><\/p>\n<p><span style=\"font-size: 14pt;\">Los operativos ejecutados por parte de las autoridades estatales en materia de Transporte P\u00fablico evidencian las redes y acciones de corrupci\u00f3n que, al amparo del poder, se han permitido, sin que hasta el d\u00eda de hoy existan, sanciones para elementos y autoridades superiores.<\/span><\/p>\n<p><span style=\"font-size: 14pt;\">Seg\u00fan se sabe el responsable del Transporte P\u00fablico en el Estado de Veracruz, es un tal \u00c1ngel Alarc\u00f3n Palmeros, quien rinde cuentas directamente al Secretario de Seguridad P\u00fablica, Cap. Cuauht\u00e9moc Z\u00fa\u00f1iga Bonilla.<\/span><\/p>\n<p><span style=\"font-size: 14pt;\">El mismo que ha simulado la desaparici\u00f3n de la Fuerza Civil, convirtiendo las viejas unidades, pint\u00e1ndolas y entreg\u00e1ndolas como supuesto nuevo equipamiento a municipios para simplemente taparle el ojo al macho y con eso contener el esc\u00e1ndalo desatado por su intervenci\u00f3n en el caso Totalco, Perote, donde el saldo fue un par de manifestantes muertos.<\/span><\/p>\n<p><span style=\"font-size: 14pt;\">En la pr\u00e1ctica todos los elementos de esa fuerza de reacci\u00f3n policial distinguidos por sus p\u00e9simos resultados, entre los que se apuntan homicidios, secuestros, extorsiones, y hasta complicidad con grupos criminales, sino es que ellos mismos operan como bandas criminales, siguen ah\u00ed dentro de la dependencia, solo que ahora como miembros de la Polic\u00eda Estatal.<\/span><\/p>\n<p><span style=\"font-size: 14pt;\">Y esto viene a colaci\u00f3n porque recientemente la Gobernadora Electa de Veracruz, Norma Roc\u00edo Nahle Garc\u00eda ha adelantado la posibilidad de estar explorando la desaparici\u00f3n de las Direcciones de Tr\u00e1nsito y la Direcci\u00f3n de Transporte P\u00fablico, como resultado de esas quejas recurrentes, mismas que ha escuchado y sigue escuchando en su recorrer Veracruz a ras de piso.<\/span><\/p>\n<p><span style=\"font-size: 14pt;\">Recientemente en entrevista con este reportero, Nahle Garc\u00eda afirm\u00f3 que lleva m\u00e1s de siete meses preparando todo un plan para transformar estas dependencias en corporaciones altamente \u00e9ticas y al servicio de la sociedad veracruzana.<\/span><\/p>\n<p><span style=\"font-size: 14pt;\">Aunado a ello, el pasado 15 de octubre de este a\u00f1o, el Congreso Local dio entrada y aprob\u00f3 el tr\u00e1mite a una Iniciativa para modernizar la legislaci\u00f3n en transporte.<\/span><\/p>\n<p><span style=\"font-size: 14pt;\">Con la iniciativa se busca la adecuada regulaci\u00f3n del servicio de transporte p\u00fablico en la modalidad de carga especializado, a efecto de que los concesionarios y permisionarios cumplan las obligaciones que garanticen la prestaci\u00f3n de un servicio digno y transparente, as\u00ed como contar con los espacios adecuados para el resguardo de los veh\u00edculos que hayan utilizado el servicio, en funci\u00f3n de alguna modalidad de transporte p\u00fablico y, con ello, prevenir actos de corrupci\u00f3n.<\/span><\/p>\n<p><span style=\"font-size: 14pt;\">Eso en el escenario de las buenas intenciones y los objetivos que se est\u00e1 trazando la pr\u00f3xima administraci\u00f3n estatal, pero mientras tanto, este reportero ha logrado recibir informaci\u00f3n de concesionarios del transporte p\u00fablico que por inminentes razones han pedido reservarse su identidad, para evitar represalias por parte de las autoridades de Transporte P\u00fablico, quienes denuncian una serie de anomal\u00edas en la dependencia a cargo de \u00c1ngel Alarc\u00f3n Palmeros.<\/span><\/p>\n<p><span style=\"font-size: 14pt;\">Seg\u00fan refieren los afectados, en las Oficinas de Transporte P\u00fablico del Estado las personas que acuden a solicitar la autorizaci\u00f3n de transferencia (documento para realizar el cambio de propietario de una concesi\u00f3n de taxi) despu\u00e9s de entregar los papeles en regla y extender el respectivo recibo informan que la autorizaci\u00f3n tarda entre 6 meses y dos a\u00f1os en salir, para que posteriormente los interesados vayan al notario a realizar la cesi\u00f3n de derechos.<\/span><\/p>\n<p><span style=\"font-size: 14pt;\">El problema est\u00e1 en que te ponen esos t\u00e9rminos de tiempo orill\u00e1ndote a solicitarles apoyo para que el tr\u00e1mite no sea tan tardado y es cuando te piden la friolera cantidad de 15 mil pesos para que t\u00fa tr\u00e1mite salga en siete d\u00edas. <\/span><\/p>\n<p><span style=\"font-size: 14pt;\">Incluso en el exterior de las Oficinas de Tr\u00e1nsito y Transporte hay gestores que se dedican a apoyar a quien los requiera en diferentes operaciones ante las dos dependencias del Gobierno del Estado y ellos mismos te informan que los encargados del tr\u00e1mite piden entre\u00a0 15 mil y 24 mil pesos, incluso si platicas con trabajadores de Transporte P\u00fablico de otras \u00e1reas, para solicitarles apoyo en tu tr\u00e1mite ellos mismos coinciden que, para que el tr\u00e1mite de transferencia salga en un t\u00e9rmino de 4 a 8 d\u00edas piden 15 mil y hasta 24 mil pesos.<\/span><\/p>\n<p><span style=\"font-size: 14pt;\">Dineros que no ingresan a la Tesorer\u00eda del Estado, mucho menos a sus arcas.<\/span><\/p>\n<p><span style=\"font-size: 14pt;\">Queda m\u00e1s que comprobado que existe una red de funcionarios corruptos en la Direcci\u00f3n de Transporte P\u00fablico que a prop\u00f3sito tardan los tr\u00e1mites para que a la gente que le urge, les ofrezcan dinero.<\/span><\/p>\n<p><span style=\"font-size: 14pt;\">La denuncia an\u00f3nima la expresan porque no creen justo que el gobernador en funciones Cuitl\u00e1huac Garc\u00eda Jim\u00e9nez afirme a \u201clos cuatro vientos\u201d que en su gobierno no existe, ni existir\u00e1 corrupci\u00f3n.<\/span><\/p>\n<p><span style=\"font-size: 14pt;\">Ojal\u00e1 las autoridades responsables de sancionar a los funcionarios p\u00fablicos ejecuten acciones para confirmar esta cruel y amarga realidad.<\/span><\/p>\n<p><span style=\"font-size: 14pt;\">\u00a0<\/span><\/p>\n<p><span style=\"font-size: 14pt;\">Al tiempo.<\/span><\/p>\n","protected":false},"excerpt":{"rendered":"<p>Por: Luis Ram\u00edrez Baqueiro \u201cEl verdadero progreso consiste en renovarse.\u201d \u2013 Alejandro Vinet. \u00a0Una de las quejas recurrentes de los<\/p>\n","protected":false},"author":4,"featured_media":38306,"comment_status":"closed","ping_status":"closed","sticky":false,"template":"","format":"standard","meta":{"colormag_page_container_layout":"default_layout","colormag_page_sidebar_layout":"default_layout","_jetpack_memberships_contains_paid_content":false,"footnotes":"","jetpack_publicize_message":"","jetpack_publicize_feature_enabled":true,"jetpack_social_post_already_shared":false,"jetpack_social_options":{"image_generator_settings":{"template":"highway","default_image_id":0,"font":"","enabled":false},"version":2}},"categories":[26],"tags":[],"class_list":["post-48594","post","type-post","status-publish","format-standard","has-post-thumbnail","hentry","category-columnistas"],"jetpack_publicize_connections":[],"jetpack_featured_media_url":"https:\/\/i0.wp.com\/politicosaldesnudo.com.mx\/wp-content\/uploads\/2024\/05\/ASTROLABIO-4.jpg?fit=1816%2C1016&ssl=1","jetpack-related-posts":[],"jetpack_sharing_enabled":true,"_links":{"self":[{"href":"https:\/\/politicosaldesnudo.com.mx\/index.php\/wp-json\/wp\/v2\/posts\/48594","targetHints":{"allow":["GET"]}}],"collection":[{"href":"https:\/\/politicosaldesnudo.com.mx\/index.php\/wp-json\/wp\/v2\/posts"}],"about":[{"href":"https:\/\/politicosaldesnudo.com.mx\/index.php\/wp-json\/wp\/v2\/types\/post"}],"author":[{"embeddable":true,"href":"https:\/\/politicosaldesnudo.com.mx\/index.php\/wp-json\/wp\/v2\/users\/4"}],"replies":[{"embeddable":true,"href":"https:\/\/politicosaldesnudo.com.mx\/index.php\/wp-json\/wp\/v2\/comments?post=48594"}],"version-history":[{"count":0,"href":"https:\/\/politicosaldesnudo.com.mx\/index.php\/wp-json\/wp\/v2\/posts\/48594\/revisions"}],"wp:featuredmedia":[{"embeddable":true,"href":"https:\/\/politicosaldesnudo.com.mx\/index.php\/wp-json\/wp\/v2\/media\/38306"}],"wp:attachment":[{"href":"https:\/\/politicosaldesnudo.com.mx\/index.php\/wp-json\/wp\/v2\/media?parent=48594"}],"wp:term":[{"taxonomy":"category","embeddable":true,"href":"https:\/\/politicosaldesnudo.com.mx\/index.php\/wp-json\/wp\/v2\/categories?post=48594"},{"taxonomy":"post_tag","embeddable":true,"href":"https:\/\/politicosaldesnudo.com.mx\/index.php\/wp-json\/wp\/v2\/tags?post=48594"}],"curies":[{"name":"wp","href":"https:\/\/api.w.org\/{rel}","templated":true}]}}