{"id":48596,"date":"2024-10-18T07:58:53","date_gmt":"2024-10-18T12:58:53","guid":{"rendered":"https:\/\/politicosaldesnudo.com.mx\/?p=48596"},"modified":"2024-10-18T07:58:53","modified_gmt":"2024-10-18T12:58:53","slug":"el-joker-y-la-banalizacion-de-la-justicia","status":"publish","type":"post","link":"https:\/\/politicosaldesnudo.com.mx\/index.php\/2024\/10\/18\/el-joker-y-la-banalizacion-de-la-justicia\/","title":{"rendered":"EL JOKER \u2026 Y LA BANALIZACI\u00d3N DE LA JUSTICIA"},"content":{"rendered":"<p><span style=\"font-size: 14pt;\">La pel\u00edcula el Joker 2, -estelarizada por Joaqu\u00edn Phoenix-, a partir del personaje el Joker, -o el guas\u00f3n-, protagonista antag\u00f3nico de las historias de Batman, nos alerta sobre los riesgos de \u00a0la justicia populista que seguramente veremos a partir de esta nueva reforma judicial, donde la elecci\u00f3n de jueces, magistrados y ministros de la SCJN iniciar\u00e1 con una t\u00f3mbola a realizarse hoy s\u00e1bado 12 de octubre.<\/span><\/p>\n<p><span style=\"font-size: 14pt;\">La historia de esta pel\u00edcula se desarrolla a partir del juicio al que someten las autoridades a Arthur Fleck, -un comediante fracasado y con problemas psicol\u00f3gicos-, quien asume la identidad del personaje ficticio denominado el Joker. \u00a0<\/span><\/p>\n<p><span style=\"font-size: 14pt;\">Este sujeto ser\u00e1 juzgado por los cinco asesinatos que se tienen documentados, mas uno que \u00e9l mismo confiesa espont\u00e1neamente, y que es el de su propia madre.<\/span><\/p>\n<p><span style=\"font-size: 14pt;\">Uno de los cinco cr\u00edmenes fue perpetrado en contra del conductor del programa de TV que le estaba entrevistando en vivo, a la vista de millones de televidentes, lo cual gener\u00f3 alto impacto en la sociedad, pero lo convirti\u00f3 en un influencer destacado.<\/span><\/p>\n<p><span style=\"font-size: 14pt;\">La narraci\u00f3n cinematogr\u00e1fica transcurre describiendo el contexto referente a la vida de este personaje en la c\u00e1rcel, quien de ser considerado un tonto por los dem\u00e1s reclusos, -a partir de su influencia medi\u00e1tica-, se convierte en un l\u00edder de ellos.<\/span><\/p>\n<p><span style=\"font-size: 14pt;\">El otro contexto fundamental de la pel\u00edcula son las sesiones propias del juicio.<\/span><\/p>\n<p><span style=\"font-size: 14pt;\">Es importante recordar que este personaje nacido de los comics norteamericanos y despu\u00e9s presentado a trav\u00e9s del cine de ficci\u00f3n como un antih\u00e9roe, -enemigo de Batman-, da un giro a partir de la primera pel\u00edcula de esta saga cinematogr\u00e1fica que tiene como actor principal a Joaqu\u00edn Phoenix y se convierte en una historia del mundo real.<\/span><\/p>\n<p><span style=\"font-size: 14pt;\">El guion nos muestra a un personaje cotidiano, Arthur Fleck, quien sufre graves problemas psicol\u00f3gicos, -quiz\u00e1 esquizofrenia-, situaci\u00f3n que se sale de control cuando el sector salud deja de darle los medicamentos por razones presupuestales.<\/span><\/p>\n<p><span style=\"font-size: 14pt;\">Lo primero que salta a la vista de esta historia cinematogr\u00e1fica es el fen\u00f3meno psicosocial generado en la poblaci\u00f3n a partir del carisma que este personaje proyecta p\u00fablicamente, convirti\u00e9ndose en una v\u00edctima de la burocracia. Esto le transforma en un personaje famoso y admirado por un importante segmento de la poblaci\u00f3n, que se identifica con \u00e9l y le apoya.<\/span><\/p>\n<p><span style=\"font-size: 14pt;\">Esta alegor\u00eda cinematogr\u00e1fica cobra gran actualidad, pues describe la psicolog\u00eda colectiva frente a la aplicaci\u00f3n de la justicia, -convertida en un asunto p\u00fablico y sujeto a la intervenci\u00f3n de grupos sociales con influencia medi\u00e1tica-, lo cual conlleva el riesgo de manipulaci\u00f3n medi\u00e1tica por parte de grupos de poder involucrados en un juicio.<\/span><\/p>\n<p><span style=\"font-size: 14pt;\">A su vez, la intromisi\u00f3n pol\u00edtica en las decisiones jur\u00eddicas rompe con el principio de imparcialidad, que impide a los juzgadores profesionales proteger a la parte vulnerable de todo juicio o procedimiento judicial, para dar prioridad a los intereses de gente poderosa.<\/span><\/p>\n<p><span style=\"font-size: 14pt;\">A\u00fan recordamos las intromisiones del presidente L\u00f3pez Obrador, quien desde las ma\u00f1aneras juzgaba la actuaci\u00f3n de los jueces y a veces les amenazaba con juicios pol\u00edticos si sus resoluciones no se ajustaban a su visi\u00f3n y criterio personal, -constituyendo \u00e9sto desde esa poderosa tribuna ma\u00f1anera-, en una intromisi\u00f3n del Poder Ejecutivo en contra del Poder Judicial, que hasta esta fecha ha sido aut\u00f3nomo e independiente.<\/span><\/p>\n<p><span style=\"font-size: 14pt;\">Este nuevo modelo de justicia que se inicia a partir de esta nueva reforma judicial populista, -estilo 4T-, marca el inicio de la frivolizaci\u00f3n de la impartici\u00f3n de justicia por una parte, -y por otra-, el sometimiento de los jueces a los intereses pol\u00edticos del momento.<\/span><\/p>\n<p><span style=\"font-size: 14pt;\">Esta pel\u00edcula \u201cEl joker 2\u201d, describe las presiones a las que estuvieron sometidos tanto el juez y los miembros del jurado ciudadano, frente a los intentos de este personaje, Arthur Fleck, de generar confusi\u00f3n medi\u00e1tica durante las sesiones del juicio, para obtener su libertad.<\/span><\/p>\n<p><span style=\"font-size: 14pt;\">El intento de Fleck de frivolizar el juicio lleg\u00f3 al extremo de despedir a su abogada y solicitar al juez representarse a s\u00ed mismo, asumiendo el control de su defensa sin ser experto en derecho, confiado en su talento y dominio de la ret\u00f3rica, llegando a las sesiones vestido con el disfraz de \u201cjoker\u201d y el rostro maquillado como el del personaje de los comics.<\/span><\/p>\n<p><span style=\"font-size: 14pt;\">La pel\u00edcula concluye en un veredicto condenatorio por parte del jurado y la fortaleza emocional de un juez que con mucho esfuerzo logr\u00f3 mantener el orden y la disciplina durante el proceso judicial.<\/span><\/p>\n<p><span style=\"font-size: 14pt;\">Sin embargo, volviendo a los tiempos actuales, los riesgos para impartir justicia en casos de alto impacto medi\u00e1tico quedan reflejados en esta trama, cuando se muestran grandes grupos de simpatizantes manifest\u00e1ndose frente al edificio donde sesionaba el tribunal, as\u00ed como el gran inter\u00e9s de la prensa por entrevistar a un reo tan carism\u00e1tico.<\/span><\/p>\n<p><span style=\"font-size: 14pt;\">Seguramente seremos testigos de una nueva era, donde la justicia corre el riesgo de quedar en manos de gente no calificada para tan grande responsabilidad y motivada por el inter\u00e9s por convertirse en un protagonista pol\u00edtico.<\/span><\/p>\n<p><span style=\"font-size: 14pt;\"><strong>UN TIRO EN EL PI\u00c9<\/strong><\/span><\/p>\n<p><span style=\"font-size: 14pt;\">Un tiro en el pie se dieron los consejeros de la Judicatura Federal que apoyaron que se desecharan todas las impugnaciones y recursos jur\u00eddicos que emitieron los jueces para frenar la instrumentaci\u00f3n de la reforma judicial.<\/span><\/p>\n<p><span style=\"font-size: 14pt;\">\u00bfHabr\u00e1n estado conscientes de que con esa acci\u00f3n le dieron el tiro de gracia a los resabios de respeto que a\u00fan inspiraba el estado de derecho?<\/span><\/p>\n<p><span style=\"font-size: 14pt;\">Sus detractores, -legisladores de la 4T-, en plan beligerante y soberbio ya hab\u00edan declarado que no respetar\u00edan los recursos jur\u00eddicos que hab\u00edan otorgado varios jueces, quedando por tanto en posici\u00f3n de \u201cdesacato\u201d lo cual, en cualquier pa\u00eds del mundo, -incluso en Dinamarca-, hubiese tenido como consecuencia la destituci\u00f3n del funcionario en rebeld\u00eda jur\u00eddica. En contraste, a partir de ahora su rebeld\u00eda qued\u00f3 legitimada por el Consejo de la Judicatura Federal.<\/span><\/p>\n<p><span style=\"font-size: 14pt;\">Fue una falta de respeto no s\u00f3lo para la persona de los jueces, -a quienes se les vulner\u00f3 la autoridad que les confiere nuestra carta magna-, sino a la misma Constituci\u00f3n.<\/span><\/p>\n<p><span style=\"font-size: 14pt;\">A partir de este hecho ning\u00fan funcionario de los poderes ejecutivo y legislativo respetar\u00e1 ning\u00fan recurso jur\u00eddico que provenga de juez o magistrado, simplemente llamar\u00e1 y negociar\u00e1 con el Consejo de la Judicatura Federal quien dar\u00e1 \u00f3rdenes a su criterio para cambiar la resoluci\u00f3n de un juez o magistrado. Todo el sistema judicial quedar\u00e1 de adorno, pues las resoluciones definitivas se negociar\u00e1n en el CJF.<\/span><\/p>\n<p><span style=\"font-size: 14pt;\">Estos consejeros con su voto traicionaron a la ley y a la Constituci\u00f3n y mostraron el camino a los funcionarios rebeldes, ense\u00f1\u00e1ndoles como violar la ley. Esto nunca hab\u00eda sucedido antes. Con un \u201cdedazo\u201d desactivaron el Estado de Derecho y nos regresaron a la \u201cjusticia tribal\u201d. Debiesen ser juzgados por \u201cdesacato a la ley\u201d, pues violaron muchas resoluciones judiciales sin dar ning\u00fan argumento en tiempo y forma. \u00bfHabr\u00e1n estado presionados o amenazados?<\/span><\/p>\n<p><span style=\"font-size: 14pt;\">Muy diferente hubiese sido dar curso a las impugnaciones que hoy se desecharon, y con otros instrumentos jur\u00eddicos defender el punto de vista de los legisladores de la 4T.<\/span><\/p>\n<p><span style=\"font-size: 14pt;\">Qu\u00e9 desilusi\u00f3n que un jurista tan respetado como don Bernardo B\u00e1tiz, -inicialmente panista, despu\u00e9s perredista y ahora morenista-, hubiera sido de los que con su voto jalaron el gatillo contra un indefenso \u201cestado de derecho\u201d.<\/span><\/p>\n<p><span style=\"font-size: 14pt;\">En la democracia las resoluciones judiciales se acatan y no se pueden desechar; se confrontan con argumentos jur\u00eddicos. Con este fallo el CJF falt\u00f3 el respeto a jueces y magistrados, pero tambi\u00e9n abri\u00f3 la puerta para que cualquier funcionario p\u00fablico haga lo mismo.<\/span><\/p>\n<p><span style=\"font-size: 14pt;\">Inaudito\u2026 del mismo Consejo de la Judicatura Federal sali\u00f3 la bala que mat\u00f3 al estado de derecho.<\/span><\/p>\n<p><span style=\"font-size: 14pt;\">En tan s\u00f3lo seis a\u00f1os de gobierno de la 4T se toler\u00f3 que en muchos poblados se le faltase el respeto al Ej\u00e9rcito, y los grupos delincuenciales ya no les reh\u00fayen como suced\u00eda anteriormente, sino que ahora los buscan y provocan impunemente\u2026 sin consecuencias. Tradicionalmente el Ej\u00e9rcito ha sido una de las instituciones m\u00e1s queridas y respetadas por la sociedad mexicana por su institucionalidad y labor altruista frente a desastres naturales.<\/span><\/p>\n<p><span style=\"font-size: 14pt;\">Tambi\u00e9n estos \u00faltimos seis a\u00f1os se le perdi\u00f3 el respeto a la ley y al \u201cestado de derecho\u201d. \u00bfQu\u00e9 sigue?<\/span><\/p>\n<p><span style=\"font-size: 14pt;\"><strong>FUSI\u00d3N DE CIVILIZACIONES<\/strong><\/span><\/p>\n<p><span style=\"font-size: 14pt;\">Hoy 12 de octubre se conmemora la llegada de Crist\u00f3bal Col\u00f3n a nuestro continente, concretamente a la isla Guanahani, -en las Bahamas-, a la cual este explorador bautiz\u00f3 como San Salvador.<\/span><\/p>\n<p><span style=\"font-size: 14pt;\">Col\u00f3n nunca pis\u00f3 el territorio continental de lo que hoy es Am\u00e9rica y por tanto, no lleg\u00f3 a nuestras tierras. Adem\u00e1s, sus viajes fueron simplemente exploratorios. Por ello no se entiende la animadversi\u00f3n que contra \u00e9l existe por parte de un sector de nuestras autoridades, que incluso desaparecieron la emblem\u00e1tica \u201cGlorieta de Col\u00f3n\u201d ubicada en Paseo de la Reforma de la Ciudad de M\u00e9xico, as\u00ed como la estatua de este visionario explorador que estaba en el centro de este emblem\u00e1tico lugar.<\/span><\/p>\n<p><span style=\"font-size: 14pt;\">Grave epidemia es la politizaci\u00f3n de la historia, que hoy divide y confronta a la sociedad mexicana.<\/span><\/p>\n<p><span style=\"font-size: 14pt;\"><strong>COMPARTE VIDA<\/strong><\/span><\/p>\n<p><span style=\"font-size: 14pt;\">La fundaci\u00f3n Comparte Vida es una organizaci\u00f3n altruista, -sin \u00e1nimo de lucro-, que lleva 25 a\u00f1os ayudando a personas en posici\u00f3n vulnerable a luchar contra el c\u00e1ncer. Una fundaci\u00f3n dirigida por gente honorable.<\/span><\/p>\n<p><span style=\"font-size: 14pt;\">Para allegarse fondos con el objetivo de continuar su labor humanitaria esta asociaci\u00f3n organiz\u00f3 un concierto que dar\u00e1n el tenor Fernando de la Mora, as\u00ed como Ely Guerra y Denise Guti\u00e9rrez, en la Sala Nezahualc\u00f3yotl, -de la \u00a0UNAM-, el pr\u00f3ximo siete de noviembre. Un gran evento musical cuyos ingresos ser\u00e1n dedicados a continuar dando servicio a la sociedad. Un gran espect\u00e1culo para financiar una noble causa humanitaria.\u00a0 www.fundaci\u00f3ncompartevida.org.mx<\/span><\/p>\n<p><span style=\"font-size: 14pt;\">\u00bfA usted qu\u00e9 le parece?<\/span><\/p>\n<p>&nbsp;<\/p>\n","protected":false},"excerpt":{"rendered":"<p>La pel\u00edcula el Joker 2, -estelarizada por Joaqu\u00edn Phoenix-, a partir del personaje el Joker, -o el guas\u00f3n-, protagonista antag\u00f3nico<\/p>\n","protected":false},"author":4,"featured_media":45388,"comment_status":"closed","ping_status":"closed","sticky":false,"template":"","format":"standard","meta":{"colormag_page_container_layout":"default_layout","colormag_page_sidebar_layout":"default_layout","_jetpack_memberships_contains_paid_content":false,"footnotes":"","jetpack_publicize_message":"","jetpack_publicize_feature_enabled":true,"jetpack_social_post_already_shared":false,"jetpack_social_options":{"image_generator_settings":{"template":"highway","default_image_id":0,"font":"","enabled":false},"version":2}},"categories":[26],"tags":[],"class_list":["post-48596","post","type-post","status-publish","format-standard","has-post-thumbnail","hentry","category-columnistas"],"jetpack_publicize_connections":[],"jetpack_featured_media_url":"https:\/\/i0.wp.com\/politicosaldesnudo.com.mx\/wp-content\/uploads\/2024\/09\/RICARDO-HOMS.jpg?fit=800%2C447&ssl=1","jetpack-related-posts":[],"jetpack_sharing_enabled":true,"_links":{"self":[{"href":"https:\/\/politicosaldesnudo.com.mx\/index.php\/wp-json\/wp\/v2\/posts\/48596","targetHints":{"allow":["GET"]}}],"collection":[{"href":"https:\/\/politicosaldesnudo.com.mx\/index.php\/wp-json\/wp\/v2\/posts"}],"about":[{"href":"https:\/\/politicosaldesnudo.com.mx\/index.php\/wp-json\/wp\/v2\/types\/post"}],"author":[{"embeddable":true,"href":"https:\/\/politicosaldesnudo.com.mx\/index.php\/wp-json\/wp\/v2\/users\/4"}],"replies":[{"embeddable":true,"href":"https:\/\/politicosaldesnudo.com.mx\/index.php\/wp-json\/wp\/v2\/comments?post=48596"}],"version-history":[{"count":0,"href":"https:\/\/politicosaldesnudo.com.mx\/index.php\/wp-json\/wp\/v2\/posts\/48596\/revisions"}],"wp:featuredmedia":[{"embeddable":true,"href":"https:\/\/politicosaldesnudo.com.mx\/index.php\/wp-json\/wp\/v2\/media\/45388"}],"wp:attachment":[{"href":"https:\/\/politicosaldesnudo.com.mx\/index.php\/wp-json\/wp\/v2\/media?parent=48596"}],"wp:term":[{"taxonomy":"category","embeddable":true,"href":"https:\/\/politicosaldesnudo.com.mx\/index.php\/wp-json\/wp\/v2\/categories?post=48596"},{"taxonomy":"post_tag","embeddable":true,"href":"https:\/\/politicosaldesnudo.com.mx\/index.php\/wp-json\/wp\/v2\/tags?post=48596"}],"curies":[{"name":"wp","href":"https:\/\/api.w.org\/{rel}","templated":true}]}}