{"id":48761,"date":"2024-10-21T00:14:29","date_gmt":"2024-10-21T06:14:29","guid":{"rendered":"https:\/\/politicosaldesnudo.com.mx\/?p=48761"},"modified":"2024-10-20T22:19:31","modified_gmt":"2024-10-21T04:19:31","slug":"cuba-anuncia-nuevo-colapso-en-su-red-electrica-en-medio-de-la-llegada-de-huracan-oscar","status":"publish","type":"post","link":"https:\/\/politicosaldesnudo.com.mx\/index.php\/2024\/10\/21\/cuba-anuncia-nuevo-colapso-en-su-red-electrica-en-medio-de-la-llegada-de-huracan-oscar\/","title":{"rendered":"Cuba anuncia nuevo colapso en su red el\u00e9ctrica en medio de la llegada de hurac\u00e1n Oscar"},"content":{"rendered":"<p><span style=\"font-size: 14pt;\">La red el\u00e9ctrica de Cuba\u00a0colaps\u00f3 nuevamente el domingo, dijo el Ministerio de Energ\u00eda y Minas,\u00a0el cuarto fallo en 48 horas y un \u00faltimo rev\u00e9s en los esfuerzos del Gobierno\u00a0para\u00a0restablecer la energ\u00eda en la isla\u00a0en medio de la llegada del\u00a0hurac\u00e1n Oscar.<\/span><\/p>\n<p><span style=\"font-size: 14pt;\">Cuba\u00a0hab\u00eda dicho m\u00e1s temprano que estaba haciendo avances para recuperar el servicio luego de varios intentos fallidos aunque millones de personas segu\u00edan sin electricidad tras el colapso inicial el pasado viernes. \u00abDe inmediato comenz\u00f3 la labor de restablecimiento\u00bb, dijo el Ministerio de Energ\u00eda en X.<\/span><\/p>\n<p><span style=\"font-size: 14pt;\">El reloj segu\u00eda corriendo mientras el hurac\u00e1n Oscar azotaba el domingo las provincias orientales de la isla caribe\u00f1a, provocando fuertes vientos y amenazando con complicar a\u00fan m\u00e1s los esfuerzos del Gobierno para reanimar la red el\u00e9ctrica.<\/span><\/p>\n","protected":false},"excerpt":{"rendered":"<p>La red el\u00e9ctrica de Cuba\u00a0colaps\u00f3 nuevamente el domingo, dijo el Ministerio de Energ\u00eda y Minas,\u00a0el cuarto fallo en 48 horas<\/p>\n","protected":false},"author":4,"featured_media":48762,"comment_status":"closed","ping_status":"closed","sticky":false,"template":"","format":"standard","meta":{"colormag_page_container_layout":"default_layout","colormag_page_sidebar_layout":"default_layout","_jetpack_memberships_contains_paid_content":false,"footnotes":"","jetpack_publicize_message":"","jetpack_publicize_feature_enabled":true,"jetpack_social_post_already_shared":false,"jetpack_social_options":{"image_generator_settings":{"template":"highway","default_image_id":0,"font":"","enabled":false},"version":2}},"categories":[28],"tags":[],"class_list":["post-48761","post","type-post","status-publish","format-standard","has-post-thumbnail","hentry","category-internacional"],"jetpack_publicize_connections":[],"jetpack_featured_media_url":"https:\/\/i0.wp.com\/politicosaldesnudo.com.mx\/wp-content\/uploads\/2024\/10\/Cuba-corte-de-energia.jpg?fit=768%2C479&ssl=1","jetpack-related-posts":[],"jetpack_sharing_enabled":true,"_links":{"self":[{"href":"https:\/\/politicosaldesnudo.com.mx\/index.php\/wp-json\/wp\/v2\/posts\/48761","targetHints":{"allow":["GET"]}}],"collection":[{"href":"https:\/\/politicosaldesnudo.com.mx\/index.php\/wp-json\/wp\/v2\/posts"}],"about":[{"href":"https:\/\/politicosaldesnudo.com.mx\/index.php\/wp-json\/wp\/v2\/types\/post"}],"author":[{"embeddable":true,"href":"https:\/\/politicosaldesnudo.com.mx\/index.php\/wp-json\/wp\/v2\/users\/4"}],"replies":[{"embeddable":true,"href":"https:\/\/politicosaldesnudo.com.mx\/index.php\/wp-json\/wp\/v2\/comments?post=48761"}],"version-history":[{"count":0,"href":"https:\/\/politicosaldesnudo.com.mx\/index.php\/wp-json\/wp\/v2\/posts\/48761\/revisions"}],"wp:featuredmedia":[{"embeddable":true,"href":"https:\/\/politicosaldesnudo.com.mx\/index.php\/wp-json\/wp\/v2\/media\/48762"}],"wp:attachment":[{"href":"https:\/\/politicosaldesnudo.com.mx\/index.php\/wp-json\/wp\/v2\/media?parent=48761"}],"wp:term":[{"taxonomy":"category","embeddable":true,"href":"https:\/\/politicosaldesnudo.com.mx\/index.php\/wp-json\/wp\/v2\/categories?post=48761"},{"taxonomy":"post_tag","embeddable":true,"href":"https:\/\/politicosaldesnudo.com.mx\/index.php\/wp-json\/wp\/v2\/tags?post=48761"}],"curies":[{"name":"wp","href":"https:\/\/api.w.org\/{rel}","templated":true}]}}