{"id":48776,"date":"2024-10-21T07:00:52","date_gmt":"2024-10-21T13:00:52","guid":{"rendered":"https:\/\/politicosaldesnudo.com.mx\/?p=48776"},"modified":"2024-10-20T22:50:41","modified_gmt":"2024-10-21T04:50:41","slug":"un-poder-presidencial-acotado","status":"publish","type":"post","link":"https:\/\/politicosaldesnudo.com.mx\/index.php\/2024\/10\/21\/un-poder-presidencial-acotado\/","title":{"rendered":"UN PODER PRESIDENCIAL ACOTADO"},"content":{"rendered":"<p><span style=\"font-size: 14pt;\">Por. Carlos O. Silva Bandala.<\/span><\/p>\n<p><span style=\"font-size: 14pt;\">La manera en que habremos de referirnos a la Sra. Claudia Sheinbaum ser\u00e1 como La Presidente de M\u00e9xico, ya que el articulo 82 de la Constituci\u00f3n Pol\u00edtica de los Estados Unidos Mexicanos, dicta que \u201cpara ser Presidente de M\u00e9xico\u2026\u201d No dicta que para ser Presidente o Presidenta\u2026 La m\u00e1xima del Derecho nos ilustra que si la ley no distingue no hay porqu\u00e9 distinguir\u2026 Se deposita el ejercicio del Supremo Poder Ejecutivo en un solo individuo, que se denominar\u00e1 Presidente de los Estados Unidos Mexicanos.<\/span><\/p>\n<p><span style=\"font-size: 14pt;\">UNA PRESIDENTE ACOTADA. \u2013 Se anotan las cifras en que aproximadamente obtuvo Claudia Sheinbaum 36 millones de votos, X\u00f3chitl G\u00e1lvez 16 millones 500 mil y Jorge \u00c1lvarez M\u00e1ynez 6 millones 204 mil\u2026 Acudieron a las urnas 60 millones de personas. Si tomamos en cuenta que el INE data 98 millones y medio de ciudadanos, y le restamos los 36 millones que obtuvo Claudia Sheinbaum, resulta que 62 millones de mexicanos inscritos en el INE no votaron por la Presidente de M\u00e9xico, lo que le obliga a legitimarse socialmente llevando a cabo un BUEN GOBIERNO; no basta, no es suficiente decir que el Pueblo de M\u00e9xico as\u00ed lo decidi\u00f3 en referencia a diversos asuntos\u2026 Mediando encuestas de opini\u00f3n que llevan a cabo empresas privadas de manera independiente, sabremos si el porcentaje le favorece por arriba del 50 %&#8230; AMLO lo mantuvo por arriba del 60 %&#8230; Sin duda la Presidente de M\u00e9xico est\u00e1 empoderada legal, legitima y Constitucional como consecuencia de una votaci\u00f3n que le otorg\u00f3 la mayor\u00eda electoral, dentro del sistema pol\u00edtico donde no importa cuantos acudan de los inscritos en el INE, sino m\u00e1s bien quien tuvo m\u00e1s votos para merecer el triunfo. As\u00ed es la democracia electoral en nuestro pa\u00eds\u2026 36 millones de votos representan, en esos t\u00e9rminos, un poder popular y Constitucional indiscutible\u2026 Sin embargo, existen otros poderes constituidos por la v\u00eda popular, igualmente, como son los gobernadores de los estados, los Diputados Federales y Senadores de la Rep\u00fablica\u2026 En nuestro sistema pol\u00edtico, los pesos y contrapesos de los tres Poderes Constitucionales, Ejecutivo, Legislativo y Judicial son Instituciones independientes uno de otro, que entre s\u00ed deben colaborar para el buen desempe\u00f1o de sus funciones. Es anticonstitucional imponer condiciones de un Poder a otro\u2026 En esos pesos y contrapesos pol\u00edticos hay que destacar que los 500 Diputados y los 128 Senadores, como Poder Legislativo, pesan tanto o igual que el Presidente de la Rep\u00fablica como representante del Poder Ejecutivo. De igual manera sucede con los Ministros de la Corte como representantes del poder Judicial de la Naci\u00f3n\u2026 Ahora bien, hist\u00f3ricamente se ha pretendido y en los hechos as\u00ed ha sido, que el Poder Ejecutivo (Presidente de M\u00e9xico) lidera en el Congreso de la Uni\u00f3n (Diputados y Senadores) a sus compa\u00f1eros de Partido pol\u00edtico\u2026 En este caso sobresale dos explicaciones:<\/span><\/p>\n<p><span style=\"font-size: 14pt;\">Cuando el Presidente en turno es candidato presidencial, siempre se hace acompa\u00f1ar de un buen n\u00famero de candidatos propios, leales, amigos, a Diputados y Senadores; cuando hay concurrencia para elegir a Gobernadores, algunos de ellos son a propuesta del candidato\/a Presidencial\u2026 Eso no parece haber ocurrido en la elecci\u00f3n Presidencial del 02 de junio. De manera afirmativa, en la segunda mitad del Mandato Presidencial, con motivo de renovar la composici\u00f3n de la C\u00e1mara de Diputados, es el Presidente de la Rep\u00fablica el primer elector, es \u00e9l quien decide quienes ser\u00e1n los candidatos, ahora en la modalidad de encuestas\u2026 La otra raz\u00f3n esencial, es la de intentonas para tener control o brazo extendido del Presidente de la Rep\u00fablica hacia una parte del Congreso, ya que es ah\u00ed donde se aprueban las Iniciativas Presidenciales que son vitales en su proyecto de Naci\u00f3n\u2026 De igual manera, es ah\u00ed en el Congreso donde se aprueba el presupuesto federal y se revisan las cuentas del gasto p\u00fablico y de inversi\u00f3n. Por lo que es muy discutible el t\u00e9rmino \u201ccolaboraci\u00f3n\u201d del Poder Legislativo, que m\u00e1s bien es una condicionante Presidencial. El ejemplo a la mano son las 20 Iniciativas Presidenciales que hered\u00f3 AMLO para aprobarse en el primer per\u00edodo de sesiones del Congreso de la Uni\u00f3n, donde sobresale la pol\u00e9mica Reforma al Poder Judicial.<\/span><\/p>\n<p><span style=\"font-size: 14pt;\">D\u00cdGANME SI NO. \u2013 Los 24 Gobernadores morenistas, ni uno solo de ellos es producto de promoci\u00f3n por Claudia Sheinbaum, es decir, su lealtad y agradecimiento se lo deben a AMLO y para el caso de los Senadores y Diputados, sucede lo mismo. Los dedos de una mano son m\u00e1s que aquellos que se deban a promoci\u00f3n por Claudia Sheinbaum\u2026 Los coordinadores de las bancadas morenistas en el Senado y C\u00e1mara de Diputados, Ad\u00e1n Augusto L\u00f3pez y Ricardo Monreal fueron colocados en esas posiciones por AMLO. Es m\u00e1s, uno y otro no quer\u00edan que fuese Claudia Sheinbaum la candidata Presidencial, sino uno de ellos. Hicieron campa\u00f1a de verdad por sus candidaturas, no por Claudia Sheinbaum. En esta parte formal del Poder Pol\u00edtico en Gobernadores y Legisladores morenistas, la Presidente de M\u00e9xico no tiene las riendas de la carreta (pol\u00edtica) del todo en sus manos bien agarradas. No puede confiarse tanto solo porque 36 millones de votos la empoderan\u2026 Avanzando en el an\u00e1lisis, la Presidente dijo: Me corresponde como debe ser pedir licencia como militante de MORENA, al se\u00f1alar que como Presidenta de M\u00e9xico gobernar\u00e1 para todos. Si tomamos como ejemplo (en pol\u00edtica hay que echar mano de la historia) el poder que ejercieron los Presidentes de M\u00e9xico, pri\u00edstas, hacia el PRI, como igual lo hizo AMLO con MORENA, todos los que encabezaron la Dirigencia Nacional, como ahora mismo en MORENA, fueron \u201cnombrados\u201d por el Presidente de la Rep\u00fablica en turno \u00bfQu\u00e9 sucede ahora? La ex Secretaria de Gobernaci\u00f3n Luisa Mar\u00eda Alcalde es la Dirigente Nacional de MORENA y el hijo de AMLO, Andr\u00e9s L\u00f3pez Beltr\u00e1n, Secretario de Organizaci\u00f3n. De tal manera, como sucedi\u00f3 en el PRI y con AMLO, los Presidentes de la Rep\u00fablica actuaron como mandam\u00e1s en su tiempo, por lo que las m\u00e1s importantes decisiones para candidatos a Gobernadores, Diputados y Senadores correspondieron a la voluntad del Presidente de la Rep\u00fablica\u2026 Parafraseando a la Presidente de M\u00e9xico, los tiempos electorales han concluido y ahora a gobernar y que el Partido haga lo suyo, lo que le corresponda. En puerta est\u00e1n elecciones Municipales en Veracruz y Durango, Entidades con municipios poblacionalmente numerosos e importantes \u00bfNo va a opinar, aceptar o vetar, si as\u00ed fuere el caso, de esas candidaturas? \u00bfY las futuras candidaturas a Gobernadores, solo MORENA\/Luisa Mar\u00eda y Andr\u00e9s L\u00f3pez tomar\u00e1n las decisiones? Todos los ex Presidentes de M\u00e9xico tomaban cartas en el asunto, insoslayablemente. El Partido es brazo de Poder Pol\u00edtico fundamental para la Presidente, El Bast\u00f3n de Mando se lo concedi\u00f3 AMLO\u2026 c\u00f3mo pues puede hacerse ver como Zedillo, en sana distancia.<\/span><\/p>\n<p><span style=\"font-size: 14pt;\">EL TERRITORIO REPRESENTA PODER. \u2013 Los mam\u00edferos territoriales suelen marcar su territorio mediante el olfato, lo que se traduce en la disposici\u00f3n de compuestos qu\u00edmicos con fuerte olor como puede ser la orina, las heces o el sudor. Estos son distribuidos por el animal en localizaciones estrat\u00e9gicas dentro del propio territorio\u2026 El triunfo como candidata Presidencial de Claudia Sheinbaum es en mucho por los seguidores de AMLO, sean como sea; lo sabe muy bien la Presidente. Las muestras de reconocimiento que le manifiesta de manera reiterada, en las Ma\u00f1aneras del Pueblo, son sin duda de gratitud, s\u00ed pero tambi\u00e9n de cuidado frente un entramado pol\u00edtico tan amplio y poderoso, nada suyo, pero que como LA PRESIDENTE DE M\u00c9XICO puede hacerlo valer\u2026 AMLO es historia y san se acab\u00f3, pues, la pol\u00edtica es forma y fondo y se hace necesario acabar con las malas interpretaciones de subordinaci\u00f3n. ES SU HISTORIA, ES SU TIEMPO, ES EL TERRITORIO QUE DEBE MARCAR COMO SUYO. \u00a0\u00a0\u00a0\u00a0<\/span><\/p>\n","protected":false},"excerpt":{"rendered":"<p>Por. Carlos O. Silva Bandala. La manera en que habremos de referirnos a la Sra. Claudia Sheinbaum ser\u00e1 como La<\/p>\n","protected":false},"author":4,"featured_media":48777,"comment_status":"closed","ping_status":"closed","sticky":false,"template":"","format":"standard","meta":{"colormag_page_container_layout":"default_layout","colormag_page_sidebar_layout":"default_layout","_jetpack_memberships_contains_paid_content":false,"footnotes":"","jetpack_publicize_message":"","jetpack_publicize_feature_enabled":true,"jetpack_social_post_already_shared":false,"jetpack_social_options":{"image_generator_settings":{"template":"highway","default_image_id":0,"font":"","enabled":false},"version":2}},"categories":[26],"tags":[],"class_list":["post-48776","post","type-post","status-publish","format-standard","has-post-thumbnail","hentry","category-columnistas"],"jetpack_publicize_connections":[],"jetpack_featured_media_url":"https:\/\/i0.wp.com\/politicosaldesnudo.com.mx\/wp-content\/uploads\/2024\/10\/CARLOS-SILVA.jpg?fit=800%2C448&ssl=1","jetpack-related-posts":[],"jetpack_sharing_enabled":true,"_links":{"self":[{"href":"https:\/\/politicosaldesnudo.com.mx\/index.php\/wp-json\/wp\/v2\/posts\/48776","targetHints":{"allow":["GET"]}}],"collection":[{"href":"https:\/\/politicosaldesnudo.com.mx\/index.php\/wp-json\/wp\/v2\/posts"}],"about":[{"href":"https:\/\/politicosaldesnudo.com.mx\/index.php\/wp-json\/wp\/v2\/types\/post"}],"author":[{"embeddable":true,"href":"https:\/\/politicosaldesnudo.com.mx\/index.php\/wp-json\/wp\/v2\/users\/4"}],"replies":[{"embeddable":true,"href":"https:\/\/politicosaldesnudo.com.mx\/index.php\/wp-json\/wp\/v2\/comments?post=48776"}],"version-history":[{"count":0,"href":"https:\/\/politicosaldesnudo.com.mx\/index.php\/wp-json\/wp\/v2\/posts\/48776\/revisions"}],"wp:featuredmedia":[{"embeddable":true,"href":"https:\/\/politicosaldesnudo.com.mx\/index.php\/wp-json\/wp\/v2\/media\/48777"}],"wp:attachment":[{"href":"https:\/\/politicosaldesnudo.com.mx\/index.php\/wp-json\/wp\/v2\/media?parent=48776"}],"wp:term":[{"taxonomy":"category","embeddable":true,"href":"https:\/\/politicosaldesnudo.com.mx\/index.php\/wp-json\/wp\/v2\/categories?post=48776"},{"taxonomy":"post_tag","embeddable":true,"href":"https:\/\/politicosaldesnudo.com.mx\/index.php\/wp-json\/wp\/v2\/tags?post=48776"}],"curies":[{"name":"wp","href":"https:\/\/api.w.org\/{rel}","templated":true}]}}