{"id":48832,"date":"2024-10-22T00:10:00","date_gmt":"2024-10-22T06:10:00","guid":{"rendered":"https:\/\/politicosaldesnudo.com.mx\/?p=48832"},"modified":"2024-10-21T22:47:05","modified_gmt":"2024-10-22T04:47:05","slug":"disminuye-percepcion-de-inseguridad-en-quintana-roo","status":"publish","type":"post","link":"https:\/\/politicosaldesnudo.com.mx\/index.php\/2024\/10\/22\/disminuye-percepcion-de-inseguridad-en-quintana-roo\/","title":{"rendered":"Disminuye percepci\u00f3n de inseguridad en Quintana Roo"},"content":{"rendered":"<p><span style=\"font-size: 14pt;\">Canc\u00fan y Chetumal registran un\u00a0importante descenso en percepci\u00f3n de inseguridad\u00a0respecto en el tercer trimestre de 2024.<\/span><\/p>\n<p><span style=\"font-size: 14pt;\">Seg\u00fan la Encuesta Nacional de Seguridad P\u00fablica Urbana que elabora el Instituto Nacional de Estad\u00edstica y Geograf\u00eda (Inegi), Canc\u00fan descendi\u00f3 de una tasa de 77.8% en el segundo semestre, a 73.2% en el tercer trimestre del a\u00f1o, es decir, una disminuci\u00f3n de 4.5 puntos porcentuales en cuanto a poblaci\u00f3n mayor de 18 a\u00f1os que dice sentirse insegura en su ciudad.<\/span><\/p>\n","protected":false},"excerpt":{"rendered":"<p>Canc\u00fan y Chetumal registran un\u00a0importante descenso en percepci\u00f3n de inseguridad\u00a0respecto en el tercer trimestre de 2024. Seg\u00fan la Encuesta Nacional<\/p>\n","protected":false},"author":4,"featured_media":48833,"comment_status":"closed","ping_status":"closed","sticky":false,"template":"","format":"standard","meta":{"colormag_page_container_layout":"default_layout","colormag_page_sidebar_layout":"default_layout","_jetpack_memberships_contains_paid_content":false,"footnotes":"","jetpack_publicize_message":"","jetpack_publicize_feature_enabled":true,"jetpack_social_post_already_shared":false,"jetpack_social_options":{"image_generator_settings":{"template":"highway","default_image_id":0,"font":"","enabled":false},"version":2}},"categories":[30],"tags":[],"class_list":["post-48832","post","type-post","status-publish","format-standard","has-post-thumbnail","hentry","category-estados"],"jetpack_publicize_connections":[],"jetpack_featured_media_url":"https:\/\/i0.wp.com\/politicosaldesnudo.com.mx\/wp-content\/uploads\/2024\/10\/66e94ea48a2fc.png?fit=756%2C472&ssl=1","jetpack-related-posts":[],"jetpack_sharing_enabled":true,"_links":{"self":[{"href":"https:\/\/politicosaldesnudo.com.mx\/index.php\/wp-json\/wp\/v2\/posts\/48832","targetHints":{"allow":["GET"]}}],"collection":[{"href":"https:\/\/politicosaldesnudo.com.mx\/index.php\/wp-json\/wp\/v2\/posts"}],"about":[{"href":"https:\/\/politicosaldesnudo.com.mx\/index.php\/wp-json\/wp\/v2\/types\/post"}],"author":[{"embeddable":true,"href":"https:\/\/politicosaldesnudo.com.mx\/index.php\/wp-json\/wp\/v2\/users\/4"}],"replies":[{"embeddable":true,"href":"https:\/\/politicosaldesnudo.com.mx\/index.php\/wp-json\/wp\/v2\/comments?post=48832"}],"version-history":[{"count":0,"href":"https:\/\/politicosaldesnudo.com.mx\/index.php\/wp-json\/wp\/v2\/posts\/48832\/revisions"}],"wp:featuredmedia":[{"embeddable":true,"href":"https:\/\/politicosaldesnudo.com.mx\/index.php\/wp-json\/wp\/v2\/media\/48833"}],"wp:attachment":[{"href":"https:\/\/politicosaldesnudo.com.mx\/index.php\/wp-json\/wp\/v2\/media?parent=48832"}],"wp:term":[{"taxonomy":"category","embeddable":true,"href":"https:\/\/politicosaldesnudo.com.mx\/index.php\/wp-json\/wp\/v2\/categories?post=48832"},{"taxonomy":"post_tag","embeddable":true,"href":"https:\/\/politicosaldesnudo.com.mx\/index.php\/wp-json\/wp\/v2\/tags?post=48832"}],"curies":[{"name":"wp","href":"https:\/\/api.w.org\/{rel}","templated":true}]}}