{"id":48912,"date":"2024-10-23T00:16:43","date_gmt":"2024-10-23T06:16:43","guid":{"rendered":"https:\/\/politicosaldesnudo.com.mx\/?p=48912"},"modified":"2024-10-22T22:22:54","modified_gmt":"2024-10-23T04:22:54","slug":"regresa-la-violencia-en-tabasco-con-quema-de-unidades-y-tiendas-de-villahermosa","status":"publish","type":"post","link":"https:\/\/politicosaldesnudo.com.mx\/index.php\/2024\/10\/23\/regresa-la-violencia-en-tabasco-con-quema-de-unidades-y-tiendas-de-villahermosa\/","title":{"rendered":"Regresa la violencia en Tabasco con quema de unidades y tiendas de Villahermosa"},"content":{"rendered":"<p><span style=\"font-size: 14pt;\">Luego de unos d\u00edas de tregua, este martes\u00a0regres\u00f3 la violencia a\u00a0Tabasco. Un recorrido realizado por la Organizaci\u00f3n Editorial Mexicana constat\u00f3 la\u00a0quema de unidades, abarroteras y tiendas de conveniencia, adem\u00e1s de\u00a0detonaciones de armas de fuego y\u00a0la aparici\u00f3n de\u00a0ponchallantas\u00a0en distintos puntos del municipio de\u00a0Villahermosa.<\/span><\/p>\n<p><span style=\"font-size: 14pt;\">Una\u00a0tienda de conveniencia\u00a0fue\u00a0incendiada\u00a0en la colonia\u00a0La Manga, y en Asunci\u00f3n Castellanos, y una abarrotera Monterrey tambi\u00e9n fue\u00a0v\u00edctima del fuego.<\/span><\/p>\n<p><span style=\"font-size: 14pt;\">Adem\u00e1s, se reportan\u00a0m\u00e1s de cinco unidades incendiadas\u00a0en distintos puntos del municipio de\u00a0Centro, incluidas dos unidades de transporte p\u00fablico en la entrada de\u00a0Lomitas, Nacajuca, y un\u00a0cami\u00f3n de refrescos en la rancher\u00eda El Tinto, Tercera Secci\u00f3n de Reforma. Adem\u00e1s, se registr\u00f3 la\u00a0quema de dos camionetas, una en Comalcalco y otra en La Pigua.<\/span><\/p>\n","protected":false},"excerpt":{"rendered":"<p>Luego de unos d\u00edas de tregua, este martes\u00a0regres\u00f3 la violencia a\u00a0Tabasco. Un recorrido realizado por la Organizaci\u00f3n Editorial Mexicana constat\u00f3<\/p>\n","protected":false},"author":4,"featured_media":48913,"comment_status":"closed","ping_status":"closed","sticky":false,"template":"","format":"standard","meta":{"colormag_page_container_layout":"default_layout","colormag_page_sidebar_layout":"default_layout","_jetpack_memberships_contains_paid_content":false,"footnotes":"","jetpack_publicize_message":"","jetpack_publicize_feature_enabled":true,"jetpack_social_post_already_shared":false,"jetpack_social_options":{"image_generator_settings":{"template":"highway","default_image_id":0,"font":"","enabled":false},"version":2}},"categories":[33],"tags":[],"class_list":["post-48912","post","type-post","status-publish","format-standard","has-post-thumbnail","hentry","category-nacional"],"jetpack_publicize_connections":[],"jetpack_featured_media_url":"https:\/\/i0.wp.com\/politicosaldesnudo.com.mx\/wp-content\/uploads\/2024\/10\/violencia-Tabasco.jpg?fit=768%2C479&ssl=1","jetpack-related-posts":[],"jetpack_sharing_enabled":true,"_links":{"self":[{"href":"https:\/\/politicosaldesnudo.com.mx\/index.php\/wp-json\/wp\/v2\/posts\/48912","targetHints":{"allow":["GET"]}}],"collection":[{"href":"https:\/\/politicosaldesnudo.com.mx\/index.php\/wp-json\/wp\/v2\/posts"}],"about":[{"href":"https:\/\/politicosaldesnudo.com.mx\/index.php\/wp-json\/wp\/v2\/types\/post"}],"author":[{"embeddable":true,"href":"https:\/\/politicosaldesnudo.com.mx\/index.php\/wp-json\/wp\/v2\/users\/4"}],"replies":[{"embeddable":true,"href":"https:\/\/politicosaldesnudo.com.mx\/index.php\/wp-json\/wp\/v2\/comments?post=48912"}],"version-history":[{"count":0,"href":"https:\/\/politicosaldesnudo.com.mx\/index.php\/wp-json\/wp\/v2\/posts\/48912\/revisions"}],"wp:featuredmedia":[{"embeddable":true,"href":"https:\/\/politicosaldesnudo.com.mx\/index.php\/wp-json\/wp\/v2\/media\/48913"}],"wp:attachment":[{"href":"https:\/\/politicosaldesnudo.com.mx\/index.php\/wp-json\/wp\/v2\/media?parent=48912"}],"wp:term":[{"taxonomy":"category","embeddable":true,"href":"https:\/\/politicosaldesnudo.com.mx\/index.php\/wp-json\/wp\/v2\/categories?post=48912"},{"taxonomy":"post_tag","embeddable":true,"href":"https:\/\/politicosaldesnudo.com.mx\/index.php\/wp-json\/wp\/v2\/tags?post=48912"}],"curies":[{"name":"wp","href":"https:\/\/api.w.org\/{rel}","templated":true}]}}