{"id":48923,"date":"2024-10-23T00:19:51","date_gmt":"2024-10-23T06:19:51","guid":{"rendered":"https:\/\/politicosaldesnudo.com.mx\/?p=48923"},"modified":"2024-10-22T22:30:26","modified_gmt":"2024-10-23T04:30:26","slug":"revelan-video-que-muestra-ataque-en-el-que-fue-asesinado-el-padre-marcelo-perez","status":"publish","type":"post","link":"https:\/\/politicosaldesnudo.com.mx\/index.php\/2024\/10\/23\/revelan-video-que-muestra-ataque-en-el-que-fue-asesinado-el-padre-marcelo-perez\/","title":{"rendered":"Revelan video que muestra ataque en el que fue asesinado el padre Marcelo P\u00e9rez"},"content":{"rendered":"<p><span style=\"font-size: 14pt;\">Un video de una c\u00e1mara de\u00a0vigilancia, que recientemente se dio a conocer, revela el\u00a0momento\u00a0exacto en que el sacerdote\u00a0Marcelo P\u00e9rez P\u00e9rez, de 51 a\u00f1os, fue\u00a0asesinado\u00a0por dos sujetos a bordo de una motocicleta.<\/span><\/p>\n<p><span style=\"font-size: 14pt;\">En el video, se observa al padre Marcelo, de origen\u00a0tzotzil, saliendo de la iglesia despu\u00e9s de oficiar misa en la parroquia del barrio Cuxtitali, bajo una ligera lluvia. Vest\u00eda una chamarra y cargaba una bolsa roja mientras se dirig\u00eda a su veh\u00edculo.<\/span><\/p>\n<p><span style=\"font-size: 14pt;\">Los feligreses a\u00fan se retiraban del templo cuando, a las 8:52 horas, una motocicleta se acerc\u00f3 al veh\u00edculo del sacerdote. Segundos despu\u00e9s, se escucharon disparos.<\/span><\/p>\n<p><span style=\"font-size: 14pt;\">El\u00a0asesinato\u00a0ocurri\u00f3 el domingo 20 de octubre de 2024 y ha dejado un profundo dolor en la comunidad, que lo conoc\u00eda por su dedicaci\u00f3n a la\u00a0justicia\u00a0social\u00a0y su\u00a0lucha por los derechos de los pueblos ind\u00edgenas.<\/span><\/p>\n<p><span style=\"font-size: 14pt;\">Las autoridades han iniciado una investigaci\u00f3n, pero hasta el momento no se ha detenido a los\u00a0responsables. Activistas y l\u00edderes religiosos han exigido justicia para el padre Marcelo, quien era una figura clave en la defensa de los derechos humanos en la regi\u00f3n.<\/span><\/p>\n","protected":false},"excerpt":{"rendered":"<p>Un video de una c\u00e1mara de\u00a0vigilancia, que recientemente se dio a conocer, revela el\u00a0momento\u00a0exacto en que el sacerdote\u00a0Marcelo P\u00e9rez P\u00e9rez,<\/p>\n","protected":false},"author":4,"featured_media":48924,"comment_status":"closed","ping_status":"closed","sticky":false,"template":"","format":"standard","meta":{"colormag_page_container_layout":"default_layout","colormag_page_sidebar_layout":"default_layout","_jetpack_memberships_contains_paid_content":false,"footnotes":"","jetpack_publicize_message":"","jetpack_publicize_feature_enabled":true,"jetpack_social_post_already_shared":false,"jetpack_social_options":{"image_generator_settings":{"template":"highway","default_image_id":0,"font":"","enabled":false},"version":2}},"categories":[33],"tags":[],"class_list":["post-48923","post","type-post","status-publish","format-standard","has-post-thumbnail","hentry","category-nacional"],"jetpack_publicize_connections":[],"jetpack_featured_media_url":"https:\/\/i0.wp.com\/politicosaldesnudo.com.mx\/wp-content\/uploads\/2024\/10\/Revelan-video-que-muestra-del-ataque-al-padre-Marcelo.jpg?fit=768%2C479&ssl=1","jetpack-related-posts":[],"jetpack_sharing_enabled":true,"_links":{"self":[{"href":"https:\/\/politicosaldesnudo.com.mx\/index.php\/wp-json\/wp\/v2\/posts\/48923","targetHints":{"allow":["GET"]}}],"collection":[{"href":"https:\/\/politicosaldesnudo.com.mx\/index.php\/wp-json\/wp\/v2\/posts"}],"about":[{"href":"https:\/\/politicosaldesnudo.com.mx\/index.php\/wp-json\/wp\/v2\/types\/post"}],"author":[{"embeddable":true,"href":"https:\/\/politicosaldesnudo.com.mx\/index.php\/wp-json\/wp\/v2\/users\/4"}],"replies":[{"embeddable":true,"href":"https:\/\/politicosaldesnudo.com.mx\/index.php\/wp-json\/wp\/v2\/comments?post=48923"}],"version-history":[{"count":0,"href":"https:\/\/politicosaldesnudo.com.mx\/index.php\/wp-json\/wp\/v2\/posts\/48923\/revisions"}],"wp:featuredmedia":[{"embeddable":true,"href":"https:\/\/politicosaldesnudo.com.mx\/index.php\/wp-json\/wp\/v2\/media\/48924"}],"wp:attachment":[{"href":"https:\/\/politicosaldesnudo.com.mx\/index.php\/wp-json\/wp\/v2\/media?parent=48923"}],"wp:term":[{"taxonomy":"category","embeddable":true,"href":"https:\/\/politicosaldesnudo.com.mx\/index.php\/wp-json\/wp\/v2\/categories?post=48923"},{"taxonomy":"post_tag","embeddable":true,"href":"https:\/\/politicosaldesnudo.com.mx\/index.php\/wp-json\/wp\/v2\/tags?post=48923"}],"curies":[{"name":"wp","href":"https:\/\/api.w.org\/{rel}","templated":true}]}}