{"id":48952,"date":"2024-10-24T00:02:45","date_gmt":"2024-10-24T06:02:45","guid":{"rendered":"https:\/\/politicosaldesnudo.com.mx\/?p=48952"},"modified":"2024-10-23T22:51:16","modified_gmt":"2024-10-24T04:51:16","slug":"la-carretera-coatzacoalcos-minatitlan-por-enesima-ocasion-se-encuentra-en-mal-estado-los-baches-ahora-son-huecos","status":"publish","type":"post","link":"https:\/\/politicosaldesnudo.com.mx\/index.php\/2024\/10\/24\/la-carretera-coatzacoalcos-minatitlan-por-enesima-ocasion-se-encuentra-en-mal-estado-los-baches-ahora-son-huecos\/","title":{"rendered":"La carretera Coatzacoalcos \u2013 Minatitl\u00e1n por en\u00e9sima ocasi\u00f3n se encuentra en mal estado, los baches ahora son huecos"},"content":{"rendered":"<p><span style=\"font-size: 14pt;\">Miles de automovilistas se ven afectados consecuencia del mal estado de un tramo de la carretera Coatzacoalcos \u2013 Minatitl\u00e1n a la altura de la colonia Congreso.<\/span><\/p>\n<p><span style=\"font-size: 14pt;\">Los baches se convirtieron en cr\u00e1teres debido a las \u00faltimas lluvias que se han presentado en la zona sur.<\/span><\/p>\n<p><span style=\"font-size: 14pt;\">El tr\u00e1fico en la zona es lento consecuencia de que los conductores tienen que evadir los huecos para no tener da\u00f1os en sus veh\u00edculos.<\/span><\/p>\n<p><span style=\"font-size: 14pt;\">Se trata de un tramo de aproximadamente 200 metros que no se encuentra rehabilitado, se ubica justo cuando termina el punto cubierto con concreto hidr\u00e1ulico.<\/span><\/p>\n<p><span style=\"font-size: 14pt;\">Los baches provocan que se haga una larga fila de veh\u00edculos pues la carretera Las Matas es una de las m\u00e1s importantes en cuanto a conectividad en el sureste del pa\u00eds, sobre todo para los que viajan a Coatzacoalcos o del puerto sure\u00f1o a Minatitl\u00e1n.<\/span><\/p>\n<p><span style=\"font-size: 14pt;\">El ex presidente Andr\u00e9s Manuel L\u00f3pez Obrador, se\u00f1al\u00f3 durante su mandato que tanto autoridades estatales como municipales ten\u00edan que darle mantenimiento a los tramos.<\/span><\/p>\n<p><span style=\"font-size: 14pt;\">Durante la administraci\u00f3n de Cuitl\u00e1huac Garc\u00eda Jim\u00e9nez se dio mantenimiento a una parte de la v\u00eda, sin embargo, nunca fue completa la rehabilitaci\u00f3n, quedando en evidencia con las im\u00e1genes y videos que han circulado en redes sociales.<\/span><\/p>\n","protected":false},"excerpt":{"rendered":"<p>Miles de automovilistas se ven afectados consecuencia del mal estado de un tramo de la carretera Coatzacoalcos \u2013 Minatitl\u00e1n a<\/p>\n","protected":false},"author":4,"featured_media":48953,"comment_status":"closed","ping_status":"closed","sticky":false,"template":"","format":"standard","meta":{"colormag_page_container_layout":"default_layout","colormag_page_sidebar_layout":"default_layout","_jetpack_memberships_contains_paid_content":false,"footnotes":"","jetpack_publicize_message":"","jetpack_publicize_feature_enabled":true,"jetpack_social_post_already_shared":false,"jetpack_social_options":{"image_generator_settings":{"template":"highway","default_image_id":0,"font":"","enabled":false},"version":2}},"categories":[1082],"tags":[],"class_list":["post-48952","post","type-post","status-publish","format-standard","has-post-thumbnail","hentry","category-tuxpan"],"jetpack_publicize_connections":[],"jetpack_featured_media_url":"https:\/\/i0.wp.com\/politicosaldesnudo.com.mx\/wp-content\/uploads\/2024\/10\/CARRETERA.jpg?fit=720%2C409&ssl=1","jetpack-related-posts":[],"jetpack_sharing_enabled":true,"_links":{"self":[{"href":"https:\/\/politicosaldesnudo.com.mx\/index.php\/wp-json\/wp\/v2\/posts\/48952","targetHints":{"allow":["GET"]}}],"collection":[{"href":"https:\/\/politicosaldesnudo.com.mx\/index.php\/wp-json\/wp\/v2\/posts"}],"about":[{"href":"https:\/\/politicosaldesnudo.com.mx\/index.php\/wp-json\/wp\/v2\/types\/post"}],"author":[{"embeddable":true,"href":"https:\/\/politicosaldesnudo.com.mx\/index.php\/wp-json\/wp\/v2\/users\/4"}],"replies":[{"embeddable":true,"href":"https:\/\/politicosaldesnudo.com.mx\/index.php\/wp-json\/wp\/v2\/comments?post=48952"}],"version-history":[{"count":0,"href":"https:\/\/politicosaldesnudo.com.mx\/index.php\/wp-json\/wp\/v2\/posts\/48952\/revisions"}],"wp:featuredmedia":[{"embeddable":true,"href":"https:\/\/politicosaldesnudo.com.mx\/index.php\/wp-json\/wp\/v2\/media\/48953"}],"wp:attachment":[{"href":"https:\/\/politicosaldesnudo.com.mx\/index.php\/wp-json\/wp\/v2\/media?parent=48952"}],"wp:term":[{"taxonomy":"category","embeddable":true,"href":"https:\/\/politicosaldesnudo.com.mx\/index.php\/wp-json\/wp\/v2\/categories?post=48952"},{"taxonomy":"post_tag","embeddable":true,"href":"https:\/\/politicosaldesnudo.com.mx\/index.php\/wp-json\/wp\/v2\/tags?post=48952"}],"curies":[{"name":"wp","href":"https:\/\/api.w.org\/{rel}","templated":true}]}}