{"id":48955,"date":"2024-10-24T00:03:22","date_gmt":"2024-10-24T06:03:22","guid":{"rendered":"https:\/\/politicosaldesnudo.com.mx\/?p=48955"},"modified":"2024-10-23T22:52:42","modified_gmt":"2024-10-24T04:52:42","slug":"realizan-conteo-de-danos","status":"publish","type":"post","link":"https:\/\/politicosaldesnudo.com.mx\/index.php\/2024\/10\/24\/realizan-conteo-de-danos\/","title":{"rendered":"Realizan conteo de da\u00f1os"},"content":{"rendered":"<p><span style=\"font-size: 14pt;\">En una labor tit\u00e1nica, el personal municipal de Protecci\u00f3n Civil sigue trabajando d\u00eda y noche para atender los diversos llamados ciudadanos, por los anegamientos, encharcamientos o inundaciones y derrumbes menores que se presentaron, tanto en colonias como en comunidades.<\/span><\/p>\n<p><span style=\"font-size: 14pt;\">El director de PC; Ren\u00e9 Medina T\u00e9llez, explic\u00f3 que fue mucha el agua que cay\u00f3 en este municipio, en un aproximado de 24 horas, lo que ocasion\u00f3 que m\u00e1s de 20 colonias y por lo menos ocho comunidades presentaran afectaciones, las m\u00e1s considerables fueron en la zona de Los Kil\u00f3metros y en Las Pasas, donde pudieron rescatar a un ciudadano que proteg\u00eda a sus animales.<\/span><\/p>\n<p><span style=\"font-size: 14pt;\">\u00abEstamos aqu\u00ed trabajando, pero aun as\u00ed est\u00e1 todo tranquilo y afortunadamente reportamos saldo blanco, aunque si hubo bastante agua, bastantes anegamientos, pero nada que pudi\u00e9ramos lamentar, los r\u00edos y arroyos de respuesta r\u00e1pida, crecieron mucho, pero para el d\u00eda siguiente bajaron sin ocasionar m\u00e1s problemas, en general apoyamos lo m\u00e1s que podemos, incluso hasta a levantar muebles\u00bb, indic\u00f3 el funcionario.<\/span><\/p>\n<p><span style=\"font-size: 14pt;\">Pidi\u00f3 a la ciudadan\u00eda tener paciencia y evitar seguir tirando basura a las calles, para que cuando llueva el agua no se estanque y provoque las inundaciones y afectaciones mayores, puesto que actualmente, los canales naturales de agua y los drenajes se encuentran llenos de basura, lo que provoc\u00f3 este problema.<\/span><\/p>\n<p><span style=\"font-size: 14pt;\">Dijo que los trabajos los realizaron desde las primeras lluvias, a las 2:00 de la ma\u00f1ana los llamados de auxilio fueron m\u00e1s frecuentes, puesto que la lluvia era m\u00e1s fuerte y se presentaron las primeras inundaciones, como ejemplo mencion\u00f3 las calles 15 de septiembre; frente a las instalaciones de tr\u00e1nsito y vialidad, adem\u00e1s de la Cuitl\u00e1huac, 2 de Abril, Z\u00f3zimo P\u00e9rez, Galeana, entre otras.<\/span><\/p>\n","protected":false},"excerpt":{"rendered":"<p>En una labor tit\u00e1nica, el personal municipal de Protecci\u00f3n Civil sigue trabajando d\u00eda y noche para atender los diversos llamados<\/p>\n","protected":false},"author":4,"featured_media":48956,"comment_status":"closed","ping_status":"closed","sticky":false,"template":"","format":"standard","meta":{"colormag_page_container_layout":"default_layout","colormag_page_sidebar_layout":"default_layout","_jetpack_memberships_contains_paid_content":false,"footnotes":"","jetpack_publicize_message":"","jetpack_publicize_feature_enabled":true,"jetpack_social_post_already_shared":false,"jetpack_social_options":{"image_generator_settings":{"template":"highway","default_image_id":0,"font":"","enabled":false},"version":2}},"categories":[1082],"tags":[],"class_list":["post-48955","post","type-post","status-publish","format-standard","has-post-thumbnail","hentry","category-tuxpan"],"jetpack_publicize_connections":[],"jetpack_featured_media_url":"https:\/\/i0.wp.com\/politicosaldesnudo.com.mx\/wp-content\/uploads\/2024\/10\/4a1-3.jpg?fit=1023%2C1200&ssl=1","jetpack-related-posts":[],"jetpack_sharing_enabled":true,"_links":{"self":[{"href":"https:\/\/politicosaldesnudo.com.mx\/index.php\/wp-json\/wp\/v2\/posts\/48955","targetHints":{"allow":["GET"]}}],"collection":[{"href":"https:\/\/politicosaldesnudo.com.mx\/index.php\/wp-json\/wp\/v2\/posts"}],"about":[{"href":"https:\/\/politicosaldesnudo.com.mx\/index.php\/wp-json\/wp\/v2\/types\/post"}],"author":[{"embeddable":true,"href":"https:\/\/politicosaldesnudo.com.mx\/index.php\/wp-json\/wp\/v2\/users\/4"}],"replies":[{"embeddable":true,"href":"https:\/\/politicosaldesnudo.com.mx\/index.php\/wp-json\/wp\/v2\/comments?post=48955"}],"version-history":[{"count":0,"href":"https:\/\/politicosaldesnudo.com.mx\/index.php\/wp-json\/wp\/v2\/posts\/48955\/revisions"}],"wp:featuredmedia":[{"embeddable":true,"href":"https:\/\/politicosaldesnudo.com.mx\/index.php\/wp-json\/wp\/v2\/media\/48956"}],"wp:attachment":[{"href":"https:\/\/politicosaldesnudo.com.mx\/index.php\/wp-json\/wp\/v2\/media?parent=48955"}],"wp:term":[{"taxonomy":"category","embeddable":true,"href":"https:\/\/politicosaldesnudo.com.mx\/index.php\/wp-json\/wp\/v2\/categories?post=48955"},{"taxonomy":"post_tag","embeddable":true,"href":"https:\/\/politicosaldesnudo.com.mx\/index.php\/wp-json\/wp\/v2\/tags?post=48955"}],"curies":[{"name":"wp","href":"https:\/\/api.w.org\/{rel}","templated":true}]}}