{"id":48977,"date":"2024-10-24T00:00:56","date_gmt":"2024-10-24T06:00:56","guid":{"rendered":"https:\/\/politicosaldesnudo.com.mx\/?p=48977"},"modified":"2024-10-24T00:22:58","modified_gmt":"2024-10-24T06:22:58","slug":"sector-corporativo-muestra-dinamismo-en-la-capital-del-pais","status":"publish","type":"post","link":"https:\/\/politicosaldesnudo.com.mx\/index.php\/2024\/10\/24\/sector-corporativo-muestra-dinamismo-en-la-capital-del-pais\/","title":{"rendered":"Sector corporativo muestra dinamismo en la capital del pa\u00eds"},"content":{"rendered":"<p><span style=\"font-size: 14pt;\">Durante los primeros nueve meses del 2024, el sector corporativo en la Ciudad de M\u00e9xico se recuper\u00f3 tras los estragos de la pandemia, con una absorci\u00f3n neta acumulada de 95,000 metros cuadrados (m\u00b2), de los cuales 36% corresponde a transacciones realizadas durante el tercer trimestre del a\u00f1o, de acuerdo con el MarketView de Oficinas, de CBRE M\u00e9xico.\u00a0<\/span><\/p>\n<p><span style=\"font-size: 14pt;\">En t\u00e9rminos de demanda bruta, es decir, los espacios comercializados, el tercer trimestre registr\u00f3 83,000 m\u00b2, y el acumulado anual llega a 314,000 m\u00b2, incluyendo renovaciones, subarriendos, expansiones y prearrendamientos.<\/span><\/p>\n","protected":false},"excerpt":{"rendered":"<p>Durante los primeros nueve meses del 2024, el sector corporativo en la Ciudad de M\u00e9xico se recuper\u00f3 tras los estragos<\/p>\n","protected":false},"author":4,"featured_media":48978,"comment_status":"closed","ping_status":"closed","sticky":false,"template":"","format":"standard","meta":{"colormag_page_container_layout":"default_layout","colormag_page_sidebar_layout":"default_layout","_jetpack_memberships_contains_paid_content":false,"footnotes":"","jetpack_publicize_message":"","jetpack_publicize_feature_enabled":true,"jetpack_social_post_already_shared":false,"jetpack_social_options":{"image_generator_settings":{"template":"highway","default_image_id":0,"font":"","enabled":false},"version":2}},"categories":[30],"tags":[],"class_list":["post-48977","post","type-post","status-publish","format-standard","has-post-thumbnail","hentry","category-estados"],"jetpack_publicize_connections":[],"jetpack_featured_media_url":"https:\/\/i0.wp.com\/politicosaldesnudo.com.mx\/wp-content\/uploads\/2024\/10\/66e4542f7ec1f.jpeg?fit=1280%2C720&ssl=1","jetpack-related-posts":[],"jetpack_sharing_enabled":true,"_links":{"self":[{"href":"https:\/\/politicosaldesnudo.com.mx\/index.php\/wp-json\/wp\/v2\/posts\/48977","targetHints":{"allow":["GET"]}}],"collection":[{"href":"https:\/\/politicosaldesnudo.com.mx\/index.php\/wp-json\/wp\/v2\/posts"}],"about":[{"href":"https:\/\/politicosaldesnudo.com.mx\/index.php\/wp-json\/wp\/v2\/types\/post"}],"author":[{"embeddable":true,"href":"https:\/\/politicosaldesnudo.com.mx\/index.php\/wp-json\/wp\/v2\/users\/4"}],"replies":[{"embeddable":true,"href":"https:\/\/politicosaldesnudo.com.mx\/index.php\/wp-json\/wp\/v2\/comments?post=48977"}],"version-history":[{"count":0,"href":"https:\/\/politicosaldesnudo.com.mx\/index.php\/wp-json\/wp\/v2\/posts\/48977\/revisions"}],"wp:featuredmedia":[{"embeddable":true,"href":"https:\/\/politicosaldesnudo.com.mx\/index.php\/wp-json\/wp\/v2\/media\/48978"}],"wp:attachment":[{"href":"https:\/\/politicosaldesnudo.com.mx\/index.php\/wp-json\/wp\/v2\/media?parent=48977"}],"wp:term":[{"taxonomy":"category","embeddable":true,"href":"https:\/\/politicosaldesnudo.com.mx\/index.php\/wp-json\/wp\/v2\/categories?post=48977"},{"taxonomy":"post_tag","embeddable":true,"href":"https:\/\/politicosaldesnudo.com.mx\/index.php\/wp-json\/wp\/v2\/tags?post=48977"}],"curies":[{"name":"wp","href":"https:\/\/api.w.org\/{rel}","templated":true}]}}