{"id":49235,"date":"2024-10-28T07:32:37","date_gmt":"2024-10-28T13:32:37","guid":{"rendered":"https:\/\/politicosaldesnudo.com.mx\/?p=49235"},"modified":"2024-10-28T07:32:37","modified_gmt":"2024-10-28T13:32:37","slug":"lamenta-unam-el-fallecimiento-del-penalista-y-profesor-juan-velasquez","status":"publish","type":"post","link":"https:\/\/politicosaldesnudo.com.mx\/index.php\/2024\/10\/28\/lamenta-unam-el-fallecimiento-del-penalista-y-profesor-juan-velasquez\/","title":{"rendered":"Lamenta UNAM el fallecimiento del penalista y profesor Juan Vel\u00e1squez"},"content":{"rendered":"<p><span style=\"font-size: 14pt;\">Muri\u00f3 el abogado penalista Juan Vel\u00e1squez, mejor conocido como \u00abEl abogado del Diablo\u00bb, por defender a expresidentes durante su trayectoria. Aunque el fallecimiento del catedr\u00e1tico fue confirmado por la UNAM, hasta el momento se desconocen las causas que lo originaron.<\/span><\/p>\n<p><span style=\"font-size: 14pt;\">Juan Vel\u00e1squez fue apodado de esa manera debido a que ninguno de los asuntos que defendi\u00f3 los perdi\u00f3,\u00a0en algunos casos se complicaba en el proceso, pero siempre sal\u00eda triunfador en todos sus asuntos.<\/span><\/p>\n","protected":false},"excerpt":{"rendered":"<p>Muri\u00f3 el abogado penalista Juan Vel\u00e1squez, mejor conocido como \u00abEl abogado del Diablo\u00bb, por defender a expresidentes durante su trayectoria.<\/p>\n","protected":false},"author":4,"featured_media":49236,"comment_status":"closed","ping_status":"closed","sticky":false,"template":"","format":"standard","meta":{"colormag_page_container_layout":"default_layout","colormag_page_sidebar_layout":"default_layout","_jetpack_memberships_contains_paid_content":false,"footnotes":"","jetpack_publicize_message":"","jetpack_publicize_feature_enabled":true,"jetpack_social_post_already_shared":false,"jetpack_social_options":{"image_generator_settings":{"template":"highway","default_image_id":0,"font":"","enabled":false},"version":2}},"categories":[33],"tags":[],"class_list":["post-49235","post","type-post","status-publish","format-standard","has-post-thumbnail","hentry","category-nacional"],"jetpack_publicize_connections":[],"jetpack_featured_media_url":"https:\/\/i0.wp.com\/politicosaldesnudo.com.mx\/wp-content\/uploads\/2024\/10\/Lamenta-UNAM-el-fallecimiento-del-penalista-y-profesor-Juan-Velasquez.jpg?fit=768%2C479&ssl=1","jetpack-related-posts":[],"jetpack_sharing_enabled":true,"_links":{"self":[{"href":"https:\/\/politicosaldesnudo.com.mx\/index.php\/wp-json\/wp\/v2\/posts\/49235","targetHints":{"allow":["GET"]}}],"collection":[{"href":"https:\/\/politicosaldesnudo.com.mx\/index.php\/wp-json\/wp\/v2\/posts"}],"about":[{"href":"https:\/\/politicosaldesnudo.com.mx\/index.php\/wp-json\/wp\/v2\/types\/post"}],"author":[{"embeddable":true,"href":"https:\/\/politicosaldesnudo.com.mx\/index.php\/wp-json\/wp\/v2\/users\/4"}],"replies":[{"embeddable":true,"href":"https:\/\/politicosaldesnudo.com.mx\/index.php\/wp-json\/wp\/v2\/comments?post=49235"}],"version-history":[{"count":0,"href":"https:\/\/politicosaldesnudo.com.mx\/index.php\/wp-json\/wp\/v2\/posts\/49235\/revisions"}],"wp:featuredmedia":[{"embeddable":true,"href":"https:\/\/politicosaldesnudo.com.mx\/index.php\/wp-json\/wp\/v2\/media\/49236"}],"wp:attachment":[{"href":"https:\/\/politicosaldesnudo.com.mx\/index.php\/wp-json\/wp\/v2\/media?parent=49235"}],"wp:term":[{"taxonomy":"category","embeddable":true,"href":"https:\/\/politicosaldesnudo.com.mx\/index.php\/wp-json\/wp\/v2\/categories?post=49235"},{"taxonomy":"post_tag","embeddable":true,"href":"https:\/\/politicosaldesnudo.com.mx\/index.php\/wp-json\/wp\/v2\/tags?post=49235"}],"curies":[{"name":"wp","href":"https:\/\/api.w.org\/{rel}","templated":true}]}}