{"id":4924,"date":"2022-05-07T07:06:29","date_gmt":"2022-05-07T12:06:29","guid":{"rendered":"https:\/\/politicosaldesnudo.com.mx\/?p=4924"},"modified":"2022-05-07T07:06:29","modified_gmt":"2022-05-07T12:06:29","slug":"pide-mexico-a-onu-salir-del-letargo-para-solucionar-conflicto-en-ucrania","status":"publish","type":"post","link":"https:\/\/politicosaldesnudo.com.mx\/index.php\/2022\/05\/07\/pide-mexico-a-onu-salir-del-letargo-para-solucionar-conflicto-en-ucrania\/","title":{"rendered":"Pide M\u00e9xico a ONU, salir del letargo para solucionar conflicto en Ucrania"},"content":{"rendered":"<p class=\"p1\"><span style=\"font-size: 14pt;\"><em><strong>Nueva York.<\/strong> <\/em>El <strong>Gobierno mexicano<\/strong> insisti\u00f3 en que el <strong>Consejo de Seguridad de las Naciones Unidas<\/strong> debe <strong>salir del letargo<\/strong> para conseguir una <strong>soluci\u00f3n diplom\u00e1tico al conflicto entre Rusia y Ucrania<\/strong>, que se inici\u00f3 el pasado 24 de febrero.<\/span><\/p>\n<p class=\"p1\"><span style=\"font-size: 14pt;\"><strong>El embajador de M\u00e9xico ante las Naciones Unidas,\u00a0Juan Ram\u00f3n de la Fuente<\/strong>, asegur\u00f3 que tanto\u00a0<strong>Kiev\u00a0como\u00a0Mosc\u00fa\u00a0deben respetar la\u00a0Carta de las Naciones Unidas\u00a0y apegarse al derecho internacional para que la poblaci\u00f3n civil no resulte afectada por la violencia armada<\/strong>. Para ello, sin embargo, se requieren de m\u00e1s acciones de parte del\u00a0organismo internacional liderado por Ant\u00f3nio Guterres.<span class=\"Apple-converted-space\">\u00a0<\/span><\/span><\/p>\n<blockquote>\n<p class=\"p1\"><span style=\"font-size: 14pt;\">Insistimos en la imperante necesidad de que el Consejo de Seguridad salga de la par\u00e1lisis de la que ha sido reh\u00e9n y pueda cumplir con sus responsabilidad: parar la guerra y restaurar la paz en Ucrania\u00bb, afirm\u00f3 el diplom\u00e1tico mexicano ante la ONU.<\/span><\/p>\n<\/blockquote>\n<p>&nbsp;<\/p>\n<p class=\"p1\"><span style=\"font-size: 18pt;\"><strong>Hace un a\u00f1o, record\u00f3, se firm\u00f3 la resoluci\u00f3n 2573, que exige a todas las partes involucradas en un conflicto armado a cumplir con sus obligaciones en virtud del cumplimiento de los\u00a0derechos humanos.<\/strong><\/span><\/p>\n<p>&nbsp;<\/p>\n<blockquote>\n<p class=\"p1\"><span style=\"font-size: 14pt;\">Es inadmisible que la Organizaci\u00f3n Mundial de la Salud reporte que, en lo que va del conflicto, se hayan realizado 186 ataques en contra de instalaciones sanitarias y hospitalarias. Adicionalmente, ataques contra escuelas, empresas, estaciones de tren, almacenes de alimentos y viviendas ponen en evidencia el total desacato al derecho internacional humanitario\u00bb, conden\u00f3 De la Fuente.<\/span><\/p>\n<\/blockquote>\n<blockquote class=\"twitter-tweet\" data-width=\"550\" data-dnt=\"true\">\n<p lang=\"es\" dir=\"ltr\">Primera declaraci\u00f3n un\u00e1nime lograda en el Consejo de Seguridad de la ONU en favor de la paz y de los esfuerzos de su Secretario General para alcanzarla. Gran avance de la diplomacia combinada de M\u00e9xico y Noruega. Felicito ampliamente a nuestro Embajador Juan Ram\u00f3n de la Fuente!!! <a href=\"https:\/\/t.co\/UI2Hm3MHqB\">pic.twitter.com\/UI2Hm3MHqB<\/a><\/p>\n<p>&mdash; Marcelo Ebrard C. (@m_ebrard) <a href=\"https:\/\/twitter.com\/m_ebrard\/status\/1522687848671068160?ref_src=twsrc%5Etfw\">May 6, 2022<\/a><\/p><\/blockquote>\n<p><script async src=\"https:\/\/platform.twitter.com\/widgets.js\" charset=\"utf-8\"><\/script><\/p>\n<p>&nbsp;<\/p>\n<p>&nbsp;<\/p>\n<p>&nbsp;<\/p>\n","protected":false},"excerpt":{"rendered":"<p>Nueva York. El Gobierno mexicano insisti\u00f3 en que el Consejo de Seguridad de las Naciones Unidas debe salir del letargo<\/p>\n","protected":false},"author":4,"featured_media":4925,"comment_status":"closed","ping_status":"closed","sticky":false,"template":"","format":"standard","meta":{"colormag_page_container_layout":"default_layout","colormag_page_sidebar_layout":"default_layout","_jetpack_memberships_contains_paid_content":false,"footnotes":"","jetpack_publicize_message":"","jetpack_publicize_feature_enabled":true,"jetpack_social_post_already_shared":true,"jetpack_social_options":{"image_generator_settings":{"template":"highway","default_image_id":0,"font":"","enabled":false},"version":2}},"categories":[28],"tags":[657,57,74,399],"class_list":["post-4924","post","type-post","status-publish","format-standard","has-post-thumbnail","hentry","category-internacional","tag-juan-ramon-de-la-fuente","tag-onu","tag-rusia","tag-ucrania"],"jetpack_publicize_connections":[],"jetpack_featured_media_url":"https:\/\/i0.wp.com\/politicosaldesnudo.com.mx\/wp-content\/uploads\/2022\/05\/P-JUAN-RAMO%CC%81N.png?fit=1816%2C1016&ssl=1","jetpack-related-posts":[],"jetpack_sharing_enabled":true,"_links":{"self":[{"href":"https:\/\/politicosaldesnudo.com.mx\/index.php\/wp-json\/wp\/v2\/posts\/4924","targetHints":{"allow":["GET"]}}],"collection":[{"href":"https:\/\/politicosaldesnudo.com.mx\/index.php\/wp-json\/wp\/v2\/posts"}],"about":[{"href":"https:\/\/politicosaldesnudo.com.mx\/index.php\/wp-json\/wp\/v2\/types\/post"}],"author":[{"embeddable":true,"href":"https:\/\/politicosaldesnudo.com.mx\/index.php\/wp-json\/wp\/v2\/users\/4"}],"replies":[{"embeddable":true,"href":"https:\/\/politicosaldesnudo.com.mx\/index.php\/wp-json\/wp\/v2\/comments?post=4924"}],"version-history":[{"count":0,"href":"https:\/\/politicosaldesnudo.com.mx\/index.php\/wp-json\/wp\/v2\/posts\/4924\/revisions"}],"wp:featuredmedia":[{"embeddable":true,"href":"https:\/\/politicosaldesnudo.com.mx\/index.php\/wp-json\/wp\/v2\/media\/4925"}],"wp:attachment":[{"href":"https:\/\/politicosaldesnudo.com.mx\/index.php\/wp-json\/wp\/v2\/media?parent=4924"}],"wp:term":[{"taxonomy":"category","embeddable":true,"href":"https:\/\/politicosaldesnudo.com.mx\/index.php\/wp-json\/wp\/v2\/categories?post=4924"},{"taxonomy":"post_tag","embeddable":true,"href":"https:\/\/politicosaldesnudo.com.mx\/index.php\/wp-json\/wp\/v2\/tags?post=4924"}],"curies":[{"name":"wp","href":"https:\/\/api.w.org\/{rel}","templated":true}]}}