{"id":49269,"date":"2024-10-28T07:58:02","date_gmt":"2024-10-28T13:58:02","guid":{"rendered":"https:\/\/politicosaldesnudo.com.mx\/?p=49269"},"modified":"2024-10-28T07:58:02","modified_gmt":"2024-10-28T13:58:02","slug":"venta-de-autos-hibridos-y-electricos-en-queretaro-al-alza","status":"publish","type":"post","link":"https:\/\/politicosaldesnudo.com.mx\/index.php\/2024\/10\/28\/venta-de-autos-hibridos-y-electricos-en-queretaro-al-alza\/","title":{"rendered":"Venta de autos h\u00edbridos y el\u00e9ctricos en Quer\u00e9taro, al alza"},"content":{"rendered":"<p><span style=\"font-size: 14pt;\">De enero a septiembre se comercializaron 2,127 veh\u00edculos h\u00edbridos y el\u00e9ctricos en Quer\u00e9taro, un segmento que creci\u00f3 anualmente 113.1%, de acuerdo con registros del Instituto Nacional de Estad\u00edstica y Geograf\u00eda (Inegi).\u00a0<\/span><\/p>\n<p><span style=\"font-size: 14pt;\">Es una cifra r\u00e9cord en comparaci\u00f3n con el acumulado anual de los \u00faltimos ocho a\u00f1os, desde los registros del 2016.<\/span><\/p>\n<p><span style=\"font-size: 14pt;\">Hasta el 2022 este indicador hab\u00eda mantenido ventas anuales de menos de 1,000 unidades con ese tipo de tecnolog\u00eda, pero en el 2023 ascendi\u00f3 a 1,549 veh\u00edculos, y se trata de un referente que fue rebasado por las 2,127 unidades colocadas durante los primeros nueve meses del 2024.<\/span><\/p>\n<p><span style=\"font-size: 14pt;\">Al considerar el acumulado de enero a septiembre, del 2016 al 2024, este \u00faltimo a\u00f1o reporta el crecimiento anual m\u00e1s significativo, de tres d\u00edgitos, pero le anteceden dos periodos de ca\u00eddas en el 2020 y en el 2022.<\/span><\/p>\n<p><span style=\"font-size: 14pt;\">Por tipo de unidad, las h\u00edbridas e h\u00edbridas plugin concentran 74.1% de las ventas, que significa que se vendieron 1,576 veh\u00edculos y 25.9% (551) son el\u00e9ctricos.<\/span><\/p>\n<p><span style=\"font-size: 14pt;\">Aunque en el \u00faltimo a\u00f1o la demanda de coches el\u00e9ctricos aument\u00f3 236%, fue superior al avance de 89% en las unidades h\u00edbridas, incluso estuvo por encima del crecimiento global de 113.1% que registr\u00f3 la venta total de ambos autos.<\/span><\/p>\n","protected":false},"excerpt":{"rendered":"<p>De enero a septiembre se comercializaron 2,127 veh\u00edculos h\u00edbridos y el\u00e9ctricos en Quer\u00e9taro, un segmento que creci\u00f3 anualmente 113.1%, de<\/p>\n","protected":false},"author":4,"featured_media":49270,"comment_status":"closed","ping_status":"closed","sticky":false,"template":"","format":"standard","meta":{"colormag_page_container_layout":"default_layout","colormag_page_sidebar_layout":"default_layout","_jetpack_memberships_contains_paid_content":false,"footnotes":"","jetpack_publicize_message":"","jetpack_publicize_feature_enabled":true,"jetpack_social_post_already_shared":false,"jetpack_social_options":{"image_generator_settings":{"template":"highway","default_image_id":0,"font":"","enabled":false},"version":2}},"categories":[30],"tags":[],"class_list":["post-49269","post","type-post","status-publish","format-standard","has-post-thumbnail","hentry","category-estados"],"jetpack_publicize_connections":[],"jetpack_featured_media_url":"https:\/\/i0.wp.com\/politicosaldesnudo.com.mx\/wp-content\/uploads\/2024\/10\/671f34f1ba51f.jpeg?fit=1280%2C720&ssl=1","jetpack-related-posts":[],"jetpack_sharing_enabled":true,"_links":{"self":[{"href":"https:\/\/politicosaldesnudo.com.mx\/index.php\/wp-json\/wp\/v2\/posts\/49269","targetHints":{"allow":["GET"]}}],"collection":[{"href":"https:\/\/politicosaldesnudo.com.mx\/index.php\/wp-json\/wp\/v2\/posts"}],"about":[{"href":"https:\/\/politicosaldesnudo.com.mx\/index.php\/wp-json\/wp\/v2\/types\/post"}],"author":[{"embeddable":true,"href":"https:\/\/politicosaldesnudo.com.mx\/index.php\/wp-json\/wp\/v2\/users\/4"}],"replies":[{"embeddable":true,"href":"https:\/\/politicosaldesnudo.com.mx\/index.php\/wp-json\/wp\/v2\/comments?post=49269"}],"version-history":[{"count":0,"href":"https:\/\/politicosaldesnudo.com.mx\/index.php\/wp-json\/wp\/v2\/posts\/49269\/revisions"}],"wp:featuredmedia":[{"embeddable":true,"href":"https:\/\/politicosaldesnudo.com.mx\/index.php\/wp-json\/wp\/v2\/media\/49270"}],"wp:attachment":[{"href":"https:\/\/politicosaldesnudo.com.mx\/index.php\/wp-json\/wp\/v2\/media?parent=49269"}],"wp:term":[{"taxonomy":"category","embeddable":true,"href":"https:\/\/politicosaldesnudo.com.mx\/index.php\/wp-json\/wp\/v2\/categories?post=49269"},{"taxonomy":"post_tag","embeddable":true,"href":"https:\/\/politicosaldesnudo.com.mx\/index.php\/wp-json\/wp\/v2\/tags?post=49269"}],"curies":[{"name":"wp","href":"https:\/\/api.w.org\/{rel}","templated":true}]}}