{"id":49273,"date":"2024-10-28T07:59:18","date_gmt":"2024-10-28T13:59:18","guid":{"rendered":"https:\/\/politicosaldesnudo.com.mx\/?p=49273"},"modified":"2024-10-28T07:59:18","modified_gmt":"2024-10-28T13:59:18","slug":"en-puebla-el-costo-de-la-vivienda-aumenta-86-5-en-seis-anos-hay-desigualdad-con-salarios-ibero","status":"publish","type":"post","link":"https:\/\/politicosaldesnudo.com.mx\/index.php\/2024\/10\/28\/en-puebla-el-costo-de-la-vivienda-aumenta-86-5-en-seis-anos-hay-desigualdad-con-salarios-ibero\/","title":{"rendered":"En Puebla, el costo de la vivienda aumenta 86.5% en seis a\u00f1os; hay desigualdad con salarios: Ibero"},"content":{"rendered":"<p><span style=\"font-size: 14pt;\">En Puebla, el\u00a0costo de la vivienda aument\u00f3 86.5%\u00a0en seis a\u00f1os, con lo que, en 2023, el valor promedio represent\u00f3 1.5 millones de pesos; adem\u00e1s, el incremento en los salarios m\u00ednimos no va al mismo ritmo que el costo de las casas, de acuerdo al primer informe de Vivienda que present\u00f3 la\u00a0Universidad Iberoamerciana (Ibero).<\/span><\/p>\n<p><span style=\"font-size: 14pt;\">La coordinadora de la licenciatura en Econom\u00eda y Finanzas de la instituci\u00f3n, Mar Estrada Jim\u00e9nez, destac\u00f3 que los j\u00f3venes tienen menos posibilidades de acceder a una vivienda digna, ya que m\u00e1s del 60% de quienes trabajan apenas percibe un salario m\u00ednimo mensual, lo que resulta insuficiente para hacerse de un patrimonio.<\/span><\/p>\n<p><span style=\"font-size: 14pt;\">Dijo que, si bien Puebla se encuentra entre los siete estados que concentran el 50% de la poblaci\u00f3n joven, tambi\u00e9n forma parte del grupo de entidades donde m\u00e1s aument\u00f3 el costo de los inmuebles.<\/span><\/p>\n<p><span style=\"font-size: 14pt;\">En las entidades del centro, el 60% de los j\u00f3venes percibe entre 0 y 1 salario m\u00ednimo, mientras que el 30% entre 1 y 2 salarios m\u00ednimos mensuales. Esto refleja la desigualdad que viven los j\u00f3venes trabajadores de nuestro pa\u00eds y la limitada oportunidad que tienen para adquirir una vivienda, detall\u00f3<\/span><\/p>\n","protected":false},"excerpt":{"rendered":"<p>En Puebla, el\u00a0costo de la vivienda aument\u00f3 86.5%\u00a0en seis a\u00f1os, con lo que, en 2023, el valor promedio represent\u00f3 1.5<\/p>\n","protected":false},"author":4,"featured_media":49274,"comment_status":"closed","ping_status":"closed","sticky":false,"template":"","format":"standard","meta":{"colormag_page_container_layout":"default_layout","colormag_page_sidebar_layout":"default_layout","_jetpack_memberships_contains_paid_content":false,"footnotes":"","jetpack_publicize_message":"","jetpack_publicize_feature_enabled":true,"jetpack_social_post_already_shared":false,"jetpack_social_options":{"image_generator_settings":{"template":"highway","default_image_id":0,"font":"","enabled":false},"version":2}},"categories":[30],"tags":[],"class_list":["post-49273","post","type-post","status-publish","format-standard","has-post-thumbnail","hentry","category-estados"],"jetpack_publicize_connections":[],"jetpack_featured_media_url":"https:\/\/i0.wp.com\/politicosaldesnudo.com.mx\/wp-content\/uploads\/2024\/10\/66ec1caa8aec3-1.jpeg?fit=1280%2C720&ssl=1","jetpack-related-posts":[],"jetpack_sharing_enabled":true,"_links":{"self":[{"href":"https:\/\/politicosaldesnudo.com.mx\/index.php\/wp-json\/wp\/v2\/posts\/49273","targetHints":{"allow":["GET"]}}],"collection":[{"href":"https:\/\/politicosaldesnudo.com.mx\/index.php\/wp-json\/wp\/v2\/posts"}],"about":[{"href":"https:\/\/politicosaldesnudo.com.mx\/index.php\/wp-json\/wp\/v2\/types\/post"}],"author":[{"embeddable":true,"href":"https:\/\/politicosaldesnudo.com.mx\/index.php\/wp-json\/wp\/v2\/users\/4"}],"replies":[{"embeddable":true,"href":"https:\/\/politicosaldesnudo.com.mx\/index.php\/wp-json\/wp\/v2\/comments?post=49273"}],"version-history":[{"count":0,"href":"https:\/\/politicosaldesnudo.com.mx\/index.php\/wp-json\/wp\/v2\/posts\/49273\/revisions"}],"wp:featuredmedia":[{"embeddable":true,"href":"https:\/\/politicosaldesnudo.com.mx\/index.php\/wp-json\/wp\/v2\/media\/49274"}],"wp:attachment":[{"href":"https:\/\/politicosaldesnudo.com.mx\/index.php\/wp-json\/wp\/v2\/media?parent=49273"}],"wp:term":[{"taxonomy":"category","embeddable":true,"href":"https:\/\/politicosaldesnudo.com.mx\/index.php\/wp-json\/wp\/v2\/categories?post=49273"},{"taxonomy":"post_tag","embeddable":true,"href":"https:\/\/politicosaldesnudo.com.mx\/index.php\/wp-json\/wp\/v2\/tags?post=49273"}],"curies":[{"name":"wp","href":"https:\/\/api.w.org\/{rel}","templated":true}]}}