{"id":49291,"date":"2024-10-29T00:02:48","date_gmt":"2024-10-29T06:02:48","guid":{"rendered":"https:\/\/politicosaldesnudo.com.mx\/?p=49291"},"modified":"2024-10-28T18:42:58","modified_gmt":"2024-10-29T00:42:58","slug":"comienza-venta-de-flor-de-cempasuchil","status":"publish","type":"post","link":"https:\/\/politicosaldesnudo.com.mx\/index.php\/2024\/10\/29\/comienza-venta-de-flor-de-cempasuchil\/","title":{"rendered":"Comienza venta de flor de cempas\u00fachil"},"content":{"rendered":"<p><span style=\"font-size: 14pt;\">Este fin de semana comenz\u00f3 la venta de flores de cempas\u00fachil en diversas florer\u00edas del municipio, con precios similares a los del a\u00f1o pasado.<\/span><\/p>\n<p><span style=\"font-size: 14pt;\">Los ramos de cempas\u00fachil oscilan entre 25 y 60 pesos, mientras que las macetas alcanzan los 60 pesos.<\/span><\/p>\n<p><span style=\"font-size: 14pt;\">Tambi\u00e9n se encuentran disponibles otras opciones como la palmilla, a 80 pesos el ramo, y el flor de crisantemo morado, a 80 pesos el ramo y maceta.<\/span><\/p>\n<p><span style=\"font-size: 14pt;\">Los comerciantes indicaron que en los pr\u00f3ximos d\u00edas, la oferta y demanda aumentar\u00e1n, lo que podr\u00eda generar un incremento en los precios de hasta un 13%. Actualmente, las ventas se mantienen bajas, pero se espera un aumento significativo a medida que se acerque el \u00abD\u00eda de Muertos\u00bb.<\/span><\/p>\n<p><span style=\"font-size: 14pt;\">La palmilla tambi\u00e9n est\u00e1 disponible, con precios entre 12 y 22 pesos el ramo, que puede contener entre 10 y 20 piezas.<\/span><\/p>\n<p><span style=\"font-size: 14pt;\">Las escuelas, amas de casa y asociaciones son los principales clientes de estas flores, que se utilizan para adornar altares en honor a los difuntos.<\/span><\/p>\n<p><span style=\"font-size: 14pt;\">El cempas\u00fachil es una flor tradicional y simb\u00f3lica en la celebraci\u00f3n del D\u00eda de Muertos, seg\u00fan supersticiones y leyendas, gu\u00eda a los difuntos en su camino. Los comerciantes esperan un aumento en las ventas en los pr\u00f3ximos d\u00edas, especialmente durante la semana previa a la celebraci\u00f3n.<\/span><\/p>\n<p><span style=\"font-size: 14pt;\">Los precios actuales son los siguientes: Cempas\u00fachil de 25 a 60 pesos el ramo y 60 pesos la maceta, palmilla a 80 pesos el ramo, flor de crisantemo morado a 80 pesos el ramo y maceta, y palmilla de 12 a 22 pesos el ramo que contiene de 10 a 20 piezas.<\/span><\/p>\n<p><span style=\"font-size: 14pt;\">Se espera que la demanda aumente por parte de escuelas, hogares y asociaciones que preparan altares y decoraciones para honrar a los difuntos.<\/span><\/p>\n","protected":false},"excerpt":{"rendered":"<p>Este fin de semana comenz\u00f3 la venta de flores de cempas\u00fachil en diversas florer\u00edas del municipio, con precios similares a<\/p>\n","protected":false},"author":4,"featured_media":49292,"comment_status":"closed","ping_status":"closed","sticky":false,"template":"","format":"standard","meta":{"colormag_page_container_layout":"default_layout","colormag_page_sidebar_layout":"default_layout","_jetpack_memberships_contains_paid_content":false,"footnotes":"","jetpack_publicize_message":"","jetpack_publicize_feature_enabled":true,"jetpack_social_post_already_shared":false,"jetpack_social_options":{"image_generator_settings":{"template":"highway","default_image_id":0,"font":"","enabled":false},"version":2}},"categories":[1082],"tags":[],"class_list":["post-49291","post","type-post","status-publish","format-standard","has-post-thumbnail","hentry","category-tuxpan"],"jetpack_publicize_connections":[],"jetpack_featured_media_url":"https:\/\/i0.wp.com\/politicosaldesnudo.com.mx\/wp-content\/uploads\/2024\/10\/4b1-2.jpg?fit=1200%2C675&ssl=1","jetpack-related-posts":[],"jetpack_sharing_enabled":true,"_links":{"self":[{"href":"https:\/\/politicosaldesnudo.com.mx\/index.php\/wp-json\/wp\/v2\/posts\/49291","targetHints":{"allow":["GET"]}}],"collection":[{"href":"https:\/\/politicosaldesnudo.com.mx\/index.php\/wp-json\/wp\/v2\/posts"}],"about":[{"href":"https:\/\/politicosaldesnudo.com.mx\/index.php\/wp-json\/wp\/v2\/types\/post"}],"author":[{"embeddable":true,"href":"https:\/\/politicosaldesnudo.com.mx\/index.php\/wp-json\/wp\/v2\/users\/4"}],"replies":[{"embeddable":true,"href":"https:\/\/politicosaldesnudo.com.mx\/index.php\/wp-json\/wp\/v2\/comments?post=49291"}],"version-history":[{"count":0,"href":"https:\/\/politicosaldesnudo.com.mx\/index.php\/wp-json\/wp\/v2\/posts\/49291\/revisions"}],"wp:featuredmedia":[{"embeddable":true,"href":"https:\/\/politicosaldesnudo.com.mx\/index.php\/wp-json\/wp\/v2\/media\/49292"}],"wp:attachment":[{"href":"https:\/\/politicosaldesnudo.com.mx\/index.php\/wp-json\/wp\/v2\/media?parent=49291"}],"wp:term":[{"taxonomy":"category","embeddable":true,"href":"https:\/\/politicosaldesnudo.com.mx\/index.php\/wp-json\/wp\/v2\/categories?post=49291"},{"taxonomy":"post_tag","embeddable":true,"href":"https:\/\/politicosaldesnudo.com.mx\/index.php\/wp-json\/wp\/v2\/tags?post=49291"}],"curies":[{"name":"wp","href":"https:\/\/api.w.org\/{rel}","templated":true}]}}