{"id":49422,"date":"2024-10-30T07:27:11","date_gmt":"2024-10-30T13:27:11","guid":{"rendered":"https:\/\/politicosaldesnudo.com.mx\/?p=49422"},"modified":"2024-10-30T07:27:11","modified_gmt":"2024-10-30T13:27:11","slug":"el-proyecto-se-llama-veracruz","status":"publish","type":"post","link":"https:\/\/politicosaldesnudo.com.mx\/index.php\/2024\/10\/30\/el-proyecto-se-llama-veracruz\/","title":{"rendered":"El proyecto se llama Veracruz"},"content":{"rendered":"<p><strong><span style=\"font-size: 14pt;\">Por: Luis Ram\u00edrez Baqueiro<\/span><\/strong><\/p>\n<p><span style=\"font-size: 14pt;\"><em>\u201cQuien nada arriesga, nada tiene derecho a esperar.\u201d \u2013 Friedrich von Schiller.<\/em><\/span><\/p>\n<p><span style=\"font-size: 14pt;\">\u00a0<\/span><span style=\"font-size: 14pt;\">Veracruz se prepara para el inicio de una nueva administraci\u00f3n estatal, la que encabezar\u00e1 por primera vez una mujer en la persona de la Ingeniera Roc\u00edo Nahle Garc\u00eda.<\/span><\/p>\n<p><span style=\"font-size: 14pt;\">Para ella, Veracruz es su estado, la tierra que la vio crecer profesionalmente, la que le dio un esposo amoroso con la que conform\u00f3 una familia, en la que vieron la luz sus dos hijas, y en la que ha vivido cerca de 40 a\u00f1os.<\/span><\/p>\n<p><span style=\"font-size: 14pt;\">Para la mujer y madre, Veracruz es la representaci\u00f3n misma del terru\u00f1o amoroso, del lugar c\u00e1lido a donde llegar y encontrar cobijo, esa tierra bendita a la cual todo mexicano bien nacido, ama y procura engrandecer.<\/span><\/p>\n<p><span style=\"font-size: 14pt;\">Nahle Garc\u00eda ha expresado en muchas ocasiones que se debe hablar bien de Veracruz, no como simple slogan de campa\u00f1a, sino como una verdadera transformaci\u00f3n integral de transformaci\u00f3n.<\/span><\/p>\n<p><span style=\"font-size: 14pt;\">Hablar bien de Veracruz propiciar\u00e1 la llegada de m\u00e1s turistas, de m\u00e1s inversiones, de m\u00e1s empresas con capital que vendr\u00e1 a generar miles de empleos que beneficien a su poblaci\u00f3n.<\/span><\/p>\n<p><span style=\"font-size: 14pt;\">Los proyectos ic\u00f3nicos m\u00e1s significativos de la pasada administraci\u00f3n federal, como la construcci\u00f3n del Tren Interoce\u00e1nico, as\u00ed como su corredor, la construcci\u00f3n de la Refiner\u00eda Olmeca o Dos Bocas, el mismo Tren Maya, han venido a beneficiar directa o indirectamente a Veracruz.<\/span><\/p>\n<p><span style=\"font-size: 14pt;\">Es por ello, que aqu\u00ed en la entidad la prioridad de la pr\u00f3xima administraci\u00f3n ser\u00e1 hablar bien de Veracruz, de fomentar la confianza y las condiciones para la llegada de m\u00e1s y mejores inversiones que detonar\u00e1n el crecimiento exponencial de la entidad.<\/span><\/p>\n<p><span style=\"font-size: 14pt;\">Recientemente el Peri\u00f3dico El Economista especializado en temas de Finanzas e Inversi\u00f3n anunci\u00f3 que Veracruz forma parte del selecto grupo de cinco entidades a donde las inversiones han comenzado a llegar.<\/span><\/p>\n<p><span style=\"font-size: 14pt;\">De acuerdo con datos desestacionalizados del Instituto Nacional de Estad\u00edstica y Geograf\u00eda (Inegi), el estado con el mayor crecimiento anual del Indicador Trimestral de la Actividad Econ\u00f3mica Estatal (ITAEE) fue Quintana Roo, con una tasa de 12.6% en la primera mitad de 2024.<\/span><\/p>\n<p><span style=\"font-size: 14pt;\">Seg\u00fan refiere El Economista: \u201cEste aumento deriv\u00f3 principalmente del efecto del Tren Maya en el sector de la construcci\u00f3n de la entidad con vocaci\u00f3n tur\u00edstica, la cual fue la m\u00e1s beneficiada por las rutas de la v\u00eda f\u00e9rrea.\u201d\u00a0<a href=\"https:\/\/www.eleconomista.com.mx\/estados\/quintana-roo-y-tabasco-economias-realidades-opuestas-20241028-731922.html\">https:\/\/www.eleconomista.com.mx\/estados\/quintana-roo-y-tabasco-economias-realidades-opuestas-20241028-731922.html<\/a><\/span><\/p>\n<p><span style=\"font-size: 14pt;\">Por su parte, Durango y Colima compartieron el podio con Quintana Roo de las econom\u00edas locales m\u00e1s din\u00e1micas en la primera mitad de 2024, con variaciones anuales de 6.6 y 5.2%, respectivamente.<\/span><\/p>\n<p><span style=\"font-size: 14pt;\">Otros incrementos relevantes, con tasas por arriba de 3%, se dieron en Baja California Sur, Yucat\u00e1n, Oaxaca, Puebla, Guanajuato, Puebla, Quer\u00e9taro, Nuevo Le\u00f3n y Veracruz.<\/span><\/p>\n<p><span style=\"font-size: 14pt;\">En estas entidades resaltan Oaxaca y Veracruz por ser parte del Corredor Interoce\u00e1nico y sus polos de desarrollo, pero tambi\u00e9n emana la pregunta de cu\u00e1nto durar\u00e1 este efecto positivo en su econom\u00eda.<\/span><\/p>\n<p><span style=\"font-size: 14pt;\">Ante ese cuestionamiento, el trabajo desarrollado hasta el momento de forma preparatoria por la gobernadora Nahle Garc\u00eda habla de su compromiso y de su amor por Veracruz, buscando a toda costa convencer a la sociedad en todos sus niveles para que comencemos a ser generadores de ese cambio que tanto requerimos.<\/span><\/p>\n<p><span style=\"font-size: 14pt;\">Hablar bien de Veracruz es el proyecto, uno proyecto al que todos deber\u00edamos sumarnos, no solo por el bien inmediato de la entidad, sino porque ser\u00e1 en estos territorios donde se quedar\u00e1n nuestros hijos, a quienes heredaremos esta bendita tierra, a la que todos deber\u00edamos amar por sus bondades, por su gente y sus carismas.<\/span><\/p>\n<p><span style=\"font-size: 14pt;\">Recordemos\u2026 \u00a1el proyecto se llama Veracruz!<\/span><\/p>\n<p><span style=\"font-size: 14pt;\">\u00a0<em>Sextante<\/em><\/span><\/p>\n<p><span style=\"font-size: 14pt;\">Queda claro que Roc\u00edo Nahle ha venido a demostrar que las mujeres son y ser\u00e1n tan capaces en afrontar las encomiendas que el mandato les dar\u00e1, que muchos\u00a0machos cabr\u00edos abundan por ah\u00ed. La designaci\u00f3n de directora general del DIF Estatal en la persona de Clara Mora Ju\u00e1rez, obedece a la necesidad de tener y mantener a alguien de toda su confianza en ese organismo.<\/span><\/p>\n<p><span style=\"font-size: 14pt;\">Felicidades por Mora Ju\u00e1rez, ahora ayude a garantizar la Asistencia Social como instrumento del Gobierno del Estado para beneficio de la sociedad.<\/span><\/p>\n<p><span style=\"font-size: 14pt;\">\u00a0<\/span><\/p>\n<p><span style=\"font-size: 14pt;\">Al tiempo.<\/span><\/p>\n","protected":false},"excerpt":{"rendered":"<p>Por: Luis Ram\u00edrez Baqueiro \u201cQuien nada arriesga, nada tiene derecho a esperar.\u201d \u2013 Friedrich von Schiller. \u00a0Veracruz se prepara para<\/p>\n","protected":false},"author":4,"featured_media":46005,"comment_status":"closed","ping_status":"closed","sticky":false,"template":"","format":"standard","meta":{"colormag_page_container_layout":"default_layout","colormag_page_sidebar_layout":"default_layout","_jetpack_memberships_contains_paid_content":false,"footnotes":"","jetpack_publicize_message":"","jetpack_publicize_feature_enabled":true,"jetpack_social_post_already_shared":false,"jetpack_social_options":{"image_generator_settings":{"template":"highway","default_image_id":0,"font":"","enabled":false},"version":2}},"categories":[26],"tags":[],"class_list":["post-49422","post","type-post","status-publish","format-standard","has-post-thumbnail","hentry","category-columnistas"],"jetpack_publicize_connections":[],"jetpack_featured_media_url":"https:\/\/i0.wp.com\/politicosaldesnudo.com.mx\/wp-content\/uploads\/2024\/09\/ASTROLABIO-4.jpg?fit=800%2C448&ssl=1","jetpack-related-posts":[],"jetpack_sharing_enabled":true,"_links":{"self":[{"href":"https:\/\/politicosaldesnudo.com.mx\/index.php\/wp-json\/wp\/v2\/posts\/49422","targetHints":{"allow":["GET"]}}],"collection":[{"href":"https:\/\/politicosaldesnudo.com.mx\/index.php\/wp-json\/wp\/v2\/posts"}],"about":[{"href":"https:\/\/politicosaldesnudo.com.mx\/index.php\/wp-json\/wp\/v2\/types\/post"}],"author":[{"embeddable":true,"href":"https:\/\/politicosaldesnudo.com.mx\/index.php\/wp-json\/wp\/v2\/users\/4"}],"replies":[{"embeddable":true,"href":"https:\/\/politicosaldesnudo.com.mx\/index.php\/wp-json\/wp\/v2\/comments?post=49422"}],"version-history":[{"count":0,"href":"https:\/\/politicosaldesnudo.com.mx\/index.php\/wp-json\/wp\/v2\/posts\/49422\/revisions"}],"wp:featuredmedia":[{"embeddable":true,"href":"https:\/\/politicosaldesnudo.com.mx\/index.php\/wp-json\/wp\/v2\/media\/46005"}],"wp:attachment":[{"href":"https:\/\/politicosaldesnudo.com.mx\/index.php\/wp-json\/wp\/v2\/media?parent=49422"}],"wp:term":[{"taxonomy":"category","embeddable":true,"href":"https:\/\/politicosaldesnudo.com.mx\/index.php\/wp-json\/wp\/v2\/categories?post=49422"},{"taxonomy":"post_tag","embeddable":true,"href":"https:\/\/politicosaldesnudo.com.mx\/index.php\/wp-json\/wp\/v2\/tags?post=49422"}],"curies":[{"name":"wp","href":"https:\/\/api.w.org\/{rel}","templated":true}]}}