{"id":49434,"date":"2024-10-31T00:00:00","date_gmt":"2024-10-31T06:00:00","guid":{"rendered":"https:\/\/politicosaldesnudo.com.mx\/?p=49434"},"modified":"2024-10-30T17:55:33","modified_gmt":"2024-10-30T23:55:33","slug":"paro-en-la-uv","status":"publish","type":"post","link":"https:\/\/politicosaldesnudo.com.mx\/index.php\/2024\/10\/31\/paro-en-la-uv\/","title":{"rendered":"Paro en la UV"},"content":{"rendered":"<p><span style=\"font-size: 14pt;\">Estudiantes de la Facultad de Ciencias Biol\u00f3gicas y Agropecuarias realizan paro pac\u00edfico, para exigir se cumplan con sus necesidades, que se respeten las plazas para Veterinaria, adem\u00e1s de solicitar menos ambiciones y m\u00e1s soluciones a la problem\u00e1tica interna que padecen.<\/span><\/p>\n<p><span style=\"font-size: 14pt;\">Explicaron que hace unos d\u00edas sali\u00f3 en la UV disponible una plaza para Veterinaria y los directivos quieren otorgarsela a un Ingeniero Agr\u00f3nomo, cuando debe ser ocupada por un M\u00e9dico Veterinario, adem\u00e1s de denunciar un rezago en la carrera, puesto que el Plan de Estudios no est\u00e1 actualizado.<\/span><\/p>\n<p><span style=\"font-size: 14pt;\">Pudieron a los directivos de la m\u00e1xima casa de estudios del estado, que pongan mayor atenci\u00f3n a los solicitudes y planes de trabajo, puesto que muchos alumnos est\u00e1n teniendo problemas, donde inclusive pueden perder hasta la carrera.<\/span><\/p>\n<p><span style=\"font-size: 14pt;\">El Consejero y Alumnos de la Facultad de Ciencias Biol\u00f3gicas y Agropecuarias de la Regi\u00f3n Tuxpan-Poza Rica; Rub\u00e9n Fuentes, se\u00f1al\u00f3 que toda la facultad con sus diversas carreras se unieron a este paro pac\u00edfico, con el prop\u00f3sito de que sus demandas sean escuchadas, puesto que estudiantes para Bi\u00f3logos Marinos, Agr\u00f3nomos, Veterinarios y dem\u00e1s, han presentado ciertas irregularidades como la cancelaci\u00f3n de pr\u00e1cticas y otras deficiencias.<\/span><\/p>\n<p><span style=\"font-size: 14pt;\">Dijo que est\u00e1n disponibles al di\u00e1logo con la Directiva de la UV, que entienden que hay cosas que la directora en Tuxpan no puede solucionar, pero esperan que todos lleguen a un acuerdo, de lo contrario el paro de labores ser\u00e1 indefinido y solicitar\u00e1n el apoyo de toda la comunidad estudiantil en todas las regiones del estado.<\/span><\/p>\n","protected":false},"excerpt":{"rendered":"<p>Estudiantes de la Facultad de Ciencias Biol\u00f3gicas y Agropecuarias realizan paro pac\u00edfico, para exigir se cumplan con sus necesidades, que<\/p>\n","protected":false},"author":4,"featured_media":49435,"comment_status":"closed","ping_status":"closed","sticky":false,"template":"","format":"standard","meta":{"colormag_page_container_layout":"default_layout","colormag_page_sidebar_layout":"default_layout","_jetpack_memberships_contains_paid_content":false,"footnotes":"","jetpack_publicize_message":"","jetpack_publicize_feature_enabled":true,"jetpack_social_post_already_shared":false,"jetpack_social_options":{"image_generator_settings":{"template":"highway","default_image_id":0,"font":"","enabled":false},"version":2}},"categories":[1082],"tags":[],"class_list":["post-49434","post","type-post","status-publish","format-standard","has-post-thumbnail","hentry","category-tuxpan"],"jetpack_publicize_connections":[],"jetpack_featured_media_url":"https:\/\/i0.wp.com\/politicosaldesnudo.com.mx\/wp-content\/uploads\/2024\/10\/UV.jpg?fit=1280%2C960&ssl=1","jetpack-related-posts":[],"jetpack_sharing_enabled":true,"_links":{"self":[{"href":"https:\/\/politicosaldesnudo.com.mx\/index.php\/wp-json\/wp\/v2\/posts\/49434","targetHints":{"allow":["GET"]}}],"collection":[{"href":"https:\/\/politicosaldesnudo.com.mx\/index.php\/wp-json\/wp\/v2\/posts"}],"about":[{"href":"https:\/\/politicosaldesnudo.com.mx\/index.php\/wp-json\/wp\/v2\/types\/post"}],"author":[{"embeddable":true,"href":"https:\/\/politicosaldesnudo.com.mx\/index.php\/wp-json\/wp\/v2\/users\/4"}],"replies":[{"embeddable":true,"href":"https:\/\/politicosaldesnudo.com.mx\/index.php\/wp-json\/wp\/v2\/comments?post=49434"}],"version-history":[{"count":0,"href":"https:\/\/politicosaldesnudo.com.mx\/index.php\/wp-json\/wp\/v2\/posts\/49434\/revisions"}],"wp:featuredmedia":[{"embeddable":true,"href":"https:\/\/politicosaldesnudo.com.mx\/index.php\/wp-json\/wp\/v2\/media\/49435"}],"wp:attachment":[{"href":"https:\/\/politicosaldesnudo.com.mx\/index.php\/wp-json\/wp\/v2\/media?parent=49434"}],"wp:term":[{"taxonomy":"category","embeddable":true,"href":"https:\/\/politicosaldesnudo.com.mx\/index.php\/wp-json\/wp\/v2\/categories?post=49434"},{"taxonomy":"post_tag","embeddable":true,"href":"https:\/\/politicosaldesnudo.com.mx\/index.php\/wp-json\/wp\/v2\/tags?post=49434"}],"curies":[{"name":"wp","href":"https:\/\/api.w.org\/{rel}","templated":true}]}}