{"id":49438,"date":"2024-10-31T00:01:39","date_gmt":"2024-10-31T06:01:39","guid":{"rendered":"https:\/\/politicosaldesnudo.com.mx\/?p=49438"},"modified":"2024-10-30T17:56:40","modified_gmt":"2024-10-30T23:56:40","slug":"primaria-fortalece-las-tradiciones","status":"publish","type":"post","link":"https:\/\/politicosaldesnudo.com.mx\/index.php\/2024\/10\/31\/primaria-fortalece-las-tradiciones\/","title":{"rendered":"Primaria fortalece las tradiciones"},"content":{"rendered":"<p><span style=\"font-size: 14pt;\">El director de la escuela primaria biling\u00fce Xa Sasti Kilhtamaku, Salom\u00f3n Garc\u00eda Malpica, dijo que, con el objetivo de fortalecer las tradiciones y costumbres de esta tierra, en dicha instituci\u00f3n escolar se coloc\u00f3 un altar para honrar a los seres queridos que se adelantaron en el camino.<\/span><\/p>\n<p><span style=\"font-size: 14pt;\">Salom\u00f3n Garc\u00eda, apunt\u00f3 que adem\u00e1s de preservar la cultura, es importante difundirla y que los ni\u00f1os participen, por lo que dieron una explicaci\u00f3n de los elementos del altar de D\u00eda de Muertos.<\/span><\/p>\n<p><span style=\"font-size: 14pt;\">Por \u00faltimo, invit\u00f3 a los padres de familia y a la poblaci\u00f3n en general a seguir preservando nuestras tradiciones y costumbres que nos dan identidad como pueblo Tutunak\u00fa y que mejor que hacerlo desde la escuela desarrollando as\u00ed una educaci\u00f3n integral.<\/span><\/p>\n","protected":false},"excerpt":{"rendered":"<p>El director de la escuela primaria biling\u00fce Xa Sasti Kilhtamaku, Salom\u00f3n Garc\u00eda Malpica, dijo que, con el objetivo de fortalecer<\/p>\n","protected":false},"author":4,"featured_media":49439,"comment_status":"closed","ping_status":"closed","sticky":false,"template":"","format":"standard","meta":{"colormag_page_container_layout":"default_layout","colormag_page_sidebar_layout":"default_layout","_jetpack_memberships_contains_paid_content":false,"footnotes":"","jetpack_publicize_message":"","jetpack_publicize_feature_enabled":true,"jetpack_social_post_already_shared":false,"jetpack_social_options":{"image_generator_settings":{"template":"highway","default_image_id":0,"font":"","enabled":false},"version":2}},"categories":[1082],"tags":[],"class_list":["post-49438","post","type-post","status-publish","format-standard","has-post-thumbnail","hentry","category-tuxpan"],"jetpack_publicize_connections":[],"jetpack_featured_media_url":"https:\/\/i0.wp.com\/politicosaldesnudo.com.mx\/wp-content\/uploads\/2024\/10\/6c.jpg?fit=1200%2C900&ssl=1","jetpack-related-posts":[],"jetpack_sharing_enabled":true,"_links":{"self":[{"href":"https:\/\/politicosaldesnudo.com.mx\/index.php\/wp-json\/wp\/v2\/posts\/49438","targetHints":{"allow":["GET"]}}],"collection":[{"href":"https:\/\/politicosaldesnudo.com.mx\/index.php\/wp-json\/wp\/v2\/posts"}],"about":[{"href":"https:\/\/politicosaldesnudo.com.mx\/index.php\/wp-json\/wp\/v2\/types\/post"}],"author":[{"embeddable":true,"href":"https:\/\/politicosaldesnudo.com.mx\/index.php\/wp-json\/wp\/v2\/users\/4"}],"replies":[{"embeddable":true,"href":"https:\/\/politicosaldesnudo.com.mx\/index.php\/wp-json\/wp\/v2\/comments?post=49438"}],"version-history":[{"count":0,"href":"https:\/\/politicosaldesnudo.com.mx\/index.php\/wp-json\/wp\/v2\/posts\/49438\/revisions"}],"wp:featuredmedia":[{"embeddable":true,"href":"https:\/\/politicosaldesnudo.com.mx\/index.php\/wp-json\/wp\/v2\/media\/49439"}],"wp:attachment":[{"href":"https:\/\/politicosaldesnudo.com.mx\/index.php\/wp-json\/wp\/v2\/media?parent=49438"}],"wp:term":[{"taxonomy":"category","embeddable":true,"href":"https:\/\/politicosaldesnudo.com.mx\/index.php\/wp-json\/wp\/v2\/categories?post=49438"},{"taxonomy":"post_tag","embeddable":true,"href":"https:\/\/politicosaldesnudo.com.mx\/index.php\/wp-json\/wp\/v2\/tags?post=49438"}],"curies":[{"name":"wp","href":"https:\/\/api.w.org\/{rel}","templated":true}]}}