{"id":49441,"date":"2024-10-31T00:02:03","date_gmt":"2024-10-31T06:02:03","guid":{"rendered":"https:\/\/politicosaldesnudo.com.mx\/?p=49441"},"modified":"2024-10-30T17:58:10","modified_gmt":"2024-10-30T23:58:10","slug":"esperan-buenas-ventas-en-productos-carnicos","status":"publish","type":"post","link":"https:\/\/politicosaldesnudo.com.mx\/index.php\/2024\/10\/31\/esperan-buenas-ventas-en-productos-carnicos\/","title":{"rendered":"Esperan buenas ventas en productos c\u00e1rnicos"},"content":{"rendered":"<p><span style=\"font-size: 14pt;\">Los carniceros de Poza Rica anticipan un aumento en sus ventas durante el D\u00eda de Muertos, estimando un incremento del 50% en comparaci\u00f3n con el a\u00f1o pasado. Salom\u00f3n Aguirre, comerciante del mercado local, mencion\u00f3 que ya han notado un aumento en los precios, con el kilogramo de carne de cerdo a 120 pesos y las costillas a 140 pesos.<\/span><\/p>\n<p><span style=\"font-size: 14pt;\">A pesar de las expectativas optimistas, actualmente reportan ventas bajas. Aguirre indic\u00f3 que esta temporada es crucial para su negocio, junto con las fiestas decembrinas, y conf\u00edan en que las ventas mejoren en los pr\u00f3ximos d\u00edas a medida que se acerque la festividad.<\/span><\/p>\n<p><span style=\"font-size: 14pt;\">La demanda no solo incluye diferentes cortes de carne, sino tambi\u00e9n carne para asar, esencial para alimentar a los familiares que visitan a sus seres queridos difuntos. Para satisfacer esta demanda, los carniceros se est\u00e1n preparando para adquirir el doble o el triple de mercanc\u00eda.<\/span><\/p>\n<p><span style=\"font-size: 14pt;\">El clima econ\u00f3mico actual ha generado preocupaci\u00f3n entre los comerciantes, quienes han notado un descenso en el inter\u00e9s por comprar productos para la celebraci\u00f3n. Sin embargo, Aguirre se mantiene optimista y espera que las tradiciones del D\u00eda de Muertos revivan el inter\u00e9s del p\u00fablico.<\/span><\/p>\n<p><span style=\"font-size: 14pt;\">Con una oferta variada y precios ajustados a la situaci\u00f3n econ\u00f3mica, los carniceros de Poza Rica est\u00e1n listos para atender a sus clientes y mantener vivas las tradiciones de esta importante festividad mexicana.<\/span><\/p>\n","protected":false},"excerpt":{"rendered":"<p>Los carniceros de Poza Rica anticipan un aumento en sus ventas durante el D\u00eda de Muertos, estimando un incremento del<\/p>\n","protected":false},"author":4,"featured_media":49442,"comment_status":"closed","ping_status":"closed","sticky":false,"template":"","format":"standard","meta":{"colormag_page_container_layout":"default_layout","colormag_page_sidebar_layout":"default_layout","_jetpack_memberships_contains_paid_content":false,"footnotes":"","jetpack_publicize_message":"","jetpack_publicize_feature_enabled":true,"jetpack_social_post_already_shared":false,"jetpack_social_options":{"image_generator_settings":{"template":"highway","default_image_id":0,"font":"","enabled":false},"version":2}},"categories":[1082],"tags":[],"class_list":["post-49441","post","type-post","status-publish","format-standard","has-post-thumbnail","hentry","category-tuxpan"],"jetpack_publicize_connections":[],"jetpack_featured_media_url":"https:\/\/i0.wp.com\/politicosaldesnudo.com.mx\/wp-content\/uploads\/2024\/10\/6a.jpg?fit=1200%2C675&ssl=1","jetpack-related-posts":[],"jetpack_sharing_enabled":true,"_links":{"self":[{"href":"https:\/\/politicosaldesnudo.com.mx\/index.php\/wp-json\/wp\/v2\/posts\/49441","targetHints":{"allow":["GET"]}}],"collection":[{"href":"https:\/\/politicosaldesnudo.com.mx\/index.php\/wp-json\/wp\/v2\/posts"}],"about":[{"href":"https:\/\/politicosaldesnudo.com.mx\/index.php\/wp-json\/wp\/v2\/types\/post"}],"author":[{"embeddable":true,"href":"https:\/\/politicosaldesnudo.com.mx\/index.php\/wp-json\/wp\/v2\/users\/4"}],"replies":[{"embeddable":true,"href":"https:\/\/politicosaldesnudo.com.mx\/index.php\/wp-json\/wp\/v2\/comments?post=49441"}],"version-history":[{"count":0,"href":"https:\/\/politicosaldesnudo.com.mx\/index.php\/wp-json\/wp\/v2\/posts\/49441\/revisions"}],"wp:featuredmedia":[{"embeddable":true,"href":"https:\/\/politicosaldesnudo.com.mx\/index.php\/wp-json\/wp\/v2\/media\/49442"}],"wp:attachment":[{"href":"https:\/\/politicosaldesnudo.com.mx\/index.php\/wp-json\/wp\/v2\/media?parent=49441"}],"wp:term":[{"taxonomy":"category","embeddable":true,"href":"https:\/\/politicosaldesnudo.com.mx\/index.php\/wp-json\/wp\/v2\/categories?post=49441"},{"taxonomy":"post_tag","embeddable":true,"href":"https:\/\/politicosaldesnudo.com.mx\/index.php\/wp-json\/wp\/v2\/tags?post=49441"}],"curies":[{"name":"wp","href":"https:\/\/api.w.org\/{rel}","templated":true}]}}