{"id":49444,"date":"2024-10-31T00:03:17","date_gmt":"2024-10-31T06:03:17","guid":{"rendered":"https:\/\/politicosaldesnudo.com.mx\/?p=49444"},"modified":"2024-10-30T17:59:33","modified_gmt":"2024-10-30T23:59:33","slug":"seguira-el-apoyo-a-escuelas-campesinas","status":"publish","type":"post","link":"https:\/\/politicosaldesnudo.com.mx\/index.php\/2024\/10\/31\/seguira-el-apoyo-a-escuelas-campesinas\/","title":{"rendered":"Seguir\u00e1 el apoyo a Escuelas Campesinas"},"content":{"rendered":"<p><span style=\"font-size: 14pt;\">Con la realizaci\u00f3n de la cuarta edici\u00f3n del mercado Consumo Solidario, organizado por Escuelas Campesinas de la SEDARPA, las autoridades municipales informaron que continuar\u00e1n brindando todas las facilidades a los ciudadanos para que puedan exponer sus productos y poderlos comercializar.<\/span><\/p>\n<p><span style=\"font-size: 14pt;\">Mencionaron que esta es una oportunidad de mejorar, por una parte, la econom\u00eda de los ciudadanos del campo y, por otro lado, apoyar para que todos los ciudadanos comiencen a consumir productos frescos, reci\u00e9n cosechados y libres de sustancias que pueden da\u00f1ar la salud.<\/span><\/p>\n<p><span style=\"font-size: 14pt;\">\u00abLas escuelas campesinas son\u00a0espacios de capacitaci\u00f3n y educaci\u00f3n para la poblaci\u00f3n rural, que pueden ser formales o no formales, su objetivo es impulsar el desarrollo rural a trav\u00e9s de la autogesti\u00f3n y el empoderamiento de las organizaciones de la comunidad\u00bb, informaron los promotores.<\/span><\/p>\n<p><span style=\"font-size: 14pt;\">Por su parte, el Mercado Solidario, es\u00a0 la oportunidad de exponer sus productos para comercializarlos, y junto con el programa dedicado a capacitar a productores agropecuarios, se brinda a los ciudadanos, la oportunidad de ofrecer directamente al consumidor sus cosechas, que incluyen productos frescos de temporada cultivados en sus huertos y frutos t\u00edpicos para cualquier ocasi\u00f3n, como en este caso las festividades de Todos Santos, inform\u00f3 el regidor octavo Axel Andr\u00e9s Bernal Herrera, uno de los promotores de estas actividades.<\/span><\/p>\n<p><span style=\"font-size: 14pt;\">Expres\u00f3 su agradecimiento al alcalde, Jos\u00e9 Manuel Pozos Castro, y a su esposa, la presidenta del DIF Municipal; Pamela Morales Huesca, por su invaluable apoyo para hacer posible estas actividades.<\/span><\/p>\n","protected":false},"excerpt":{"rendered":"<p>Con la realizaci\u00f3n de la cuarta edici\u00f3n del mercado Consumo Solidario, organizado por Escuelas Campesinas de la SEDARPA, las autoridades<\/p>\n","protected":false},"author":4,"featured_media":49445,"comment_status":"closed","ping_status":"closed","sticky":false,"template":"","format":"standard","meta":{"colormag_page_container_layout":"default_layout","colormag_page_sidebar_layout":"default_layout","_jetpack_memberships_contains_paid_content":false,"footnotes":"","jetpack_publicize_message":"","jetpack_publicize_feature_enabled":true,"jetpack_social_post_already_shared":false,"jetpack_social_options":{"image_generator_settings":{"template":"highway","default_image_id":0,"font":"","enabled":false},"version":2}},"categories":[1082],"tags":[],"class_list":["post-49444","post","type-post","status-publish","format-standard","has-post-thumbnail","hentry","category-tuxpan"],"jetpack_publicize_connections":[],"jetpack_featured_media_url":"https:\/\/i0.wp.com\/politicosaldesnudo.com.mx\/wp-content\/uploads\/2024\/10\/4a-3.jpg?fit=1200%2C756&ssl=1","jetpack-related-posts":[],"jetpack_sharing_enabled":true,"_links":{"self":[{"href":"https:\/\/politicosaldesnudo.com.mx\/index.php\/wp-json\/wp\/v2\/posts\/49444","targetHints":{"allow":["GET"]}}],"collection":[{"href":"https:\/\/politicosaldesnudo.com.mx\/index.php\/wp-json\/wp\/v2\/posts"}],"about":[{"href":"https:\/\/politicosaldesnudo.com.mx\/index.php\/wp-json\/wp\/v2\/types\/post"}],"author":[{"embeddable":true,"href":"https:\/\/politicosaldesnudo.com.mx\/index.php\/wp-json\/wp\/v2\/users\/4"}],"replies":[{"embeddable":true,"href":"https:\/\/politicosaldesnudo.com.mx\/index.php\/wp-json\/wp\/v2\/comments?post=49444"}],"version-history":[{"count":0,"href":"https:\/\/politicosaldesnudo.com.mx\/index.php\/wp-json\/wp\/v2\/posts\/49444\/revisions"}],"wp:featuredmedia":[{"embeddable":true,"href":"https:\/\/politicosaldesnudo.com.mx\/index.php\/wp-json\/wp\/v2\/media\/49445"}],"wp:attachment":[{"href":"https:\/\/politicosaldesnudo.com.mx\/index.php\/wp-json\/wp\/v2\/media?parent=49444"}],"wp:term":[{"taxonomy":"category","embeddable":true,"href":"https:\/\/politicosaldesnudo.com.mx\/index.php\/wp-json\/wp\/v2\/categories?post=49444"},{"taxonomy":"post_tag","embeddable":true,"href":"https:\/\/politicosaldesnudo.com.mx\/index.php\/wp-json\/wp\/v2\/tags?post=49444"}],"curies":[{"name":"wp","href":"https:\/\/api.w.org\/{rel}","templated":true}]}}