{"id":49470,"date":"2024-10-31T00:11:54","date_gmt":"2024-10-31T06:11:54","guid":{"rendered":"https:\/\/politicosaldesnudo.com.mx\/?p=49470"},"modified":"2024-10-30T21:25:01","modified_gmt":"2024-10-31T03:25:01","slug":"foro-internacional-agroindustrial-destaca-el-potencial-de-exportacion-del-sector-agropecuario-mexicano","status":"publish","type":"post","link":"https:\/\/politicosaldesnudo.com.mx\/index.php\/2024\/10\/31\/foro-internacional-agroindustrial-destaca-el-potencial-de-exportacion-del-sector-agropecuario-mexicano\/","title":{"rendered":"Foro Internacional Agroindustrial destaca el potencial de exportaci\u00f3n del sector agropecuario mexicano"},"content":{"rendered":"<p><span style=\"font-size: 14pt;\">Los sectores\u00a0agropecuario y agroindustrial\u00a0representan m\u00e1s del 9% del Producto Interno Bruto (PIB) de M\u00e9xico, generando alrededor del 15% del\u00a0empleo formal\u00a0en el pa\u00eds; sin embargo, el cambio clim\u00e1tico, la escasez de agua y la degradaci\u00f3n de suelos pueden afectarlos si no se atienden de manera oportuna, se\u00f1al\u00f3 Carlos Barrera Romero, vicepresidente de Sectores y Ramas Industriales de C\u00e1mara Nacional de la Industria de la Transformaci\u00f3n (Canacintra), durante la inauguraci\u00f3n del\u00a03er Foro Internacional Agroindustrial\u00a0(FIA).<\/span><\/p>\n<p><span style=\"font-size: 14pt;\">El 3er Foro Internacional Agroindustrial \u00abLa puerta al mundo agroalimentario\u00bb, organizado por la Secretar\u00eda de Desarrollo Econ\u00f3mico (Sedeco) de la Ciudad de M\u00e9xico y la Canacintra, que se realiza en la Ciudad de M\u00e9xico del 30 de octubre al 1 de noviembre contar\u00e1 con la participaci\u00f3n de actores p\u00fablicos y privados del sector para analizar los retos y ofrecer alternativas en conjunto; as\u00ed como representantes de 20 pa\u00edses con la finalidad de establecer negocios e intercambio de tecnolog\u00eda.<\/span><\/p>\n","protected":false},"excerpt":{"rendered":"<p>Los sectores\u00a0agropecuario y agroindustrial\u00a0representan m\u00e1s del 9% del Producto Interno Bruto (PIB) de M\u00e9xico, generando alrededor del 15% del\u00a0empleo formal\u00a0en<\/p>\n","protected":false},"author":4,"featured_media":49471,"comment_status":"closed","ping_status":"closed","sticky":false,"template":"","format":"standard","meta":{"colormag_page_container_layout":"default_layout","colormag_page_sidebar_layout":"default_layout","_jetpack_memberships_contains_paid_content":false,"footnotes":"","jetpack_publicize_message":"","jetpack_publicize_feature_enabled":true,"jetpack_social_post_already_shared":false,"jetpack_social_options":{"image_generator_settings":{"template":"highway","default_image_id":0,"font":"","enabled":false},"version":2}},"categories":[30],"tags":[],"class_list":["post-49470","post","type-post","status-publish","format-standard","has-post-thumbnail","hentry","category-estados"],"jetpack_publicize_connections":[],"jetpack_featured_media_url":"https:\/\/i0.wp.com\/politicosaldesnudo.com.mx\/wp-content\/uploads\/2024\/10\/66e4c1871ad48.jpeg?fit=1280%2C720&ssl=1","jetpack-related-posts":[],"jetpack_sharing_enabled":true,"_links":{"self":[{"href":"https:\/\/politicosaldesnudo.com.mx\/index.php\/wp-json\/wp\/v2\/posts\/49470","targetHints":{"allow":["GET"]}}],"collection":[{"href":"https:\/\/politicosaldesnudo.com.mx\/index.php\/wp-json\/wp\/v2\/posts"}],"about":[{"href":"https:\/\/politicosaldesnudo.com.mx\/index.php\/wp-json\/wp\/v2\/types\/post"}],"author":[{"embeddable":true,"href":"https:\/\/politicosaldesnudo.com.mx\/index.php\/wp-json\/wp\/v2\/users\/4"}],"replies":[{"embeddable":true,"href":"https:\/\/politicosaldesnudo.com.mx\/index.php\/wp-json\/wp\/v2\/comments?post=49470"}],"version-history":[{"count":0,"href":"https:\/\/politicosaldesnudo.com.mx\/index.php\/wp-json\/wp\/v2\/posts\/49470\/revisions"}],"wp:featuredmedia":[{"embeddable":true,"href":"https:\/\/politicosaldesnudo.com.mx\/index.php\/wp-json\/wp\/v2\/media\/49471"}],"wp:attachment":[{"href":"https:\/\/politicosaldesnudo.com.mx\/index.php\/wp-json\/wp\/v2\/media?parent=49470"}],"wp:term":[{"taxonomy":"category","embeddable":true,"href":"https:\/\/politicosaldesnudo.com.mx\/index.php\/wp-json\/wp\/v2\/categories?post=49470"},{"taxonomy":"post_tag","embeddable":true,"href":"https:\/\/politicosaldesnudo.com.mx\/index.php\/wp-json\/wp\/v2\/tags?post=49470"}],"curies":[{"name":"wp","href":"https:\/\/api.w.org\/{rel}","templated":true}]}}