{"id":49488,"date":"2024-10-31T09:52:53","date_gmt":"2024-10-31T15:52:53","guid":{"rendered":"https:\/\/politicosaldesnudo.com.mx\/?p=49488"},"modified":"2024-10-31T09:52:53","modified_gmt":"2024-10-31T15:52:53","slug":"parroquia-de-san-miguel-en-perote","status":"publish","type":"post","link":"https:\/\/politicosaldesnudo.com.mx\/index.php\/2024\/10\/31\/parroquia-de-san-miguel-en-perote\/","title":{"rendered":"Parroquia de San Miguel en Perote"},"content":{"rendered":"<div><span style=\"font-size: 14pt;\">\u00b7\u00a0\u00a0\u00a0\u00a0\u00a0 \u00a0Una de las cinco iglesias m\u00e1s bellas de Veracruz<\/span><\/div>\n<div><span style=\"font-size: 14pt;\">\u00b7\u00a0\u00a0\u00a0\u00a0\u00a0 \u00a0Es una obra de arte arquitect\u00f3nica y de gran valor hist\u00f3rico<\/span><\/div>\n<div><span style=\"font-size: 14pt;\">\u00b7\u00a0\u00a0\u00a0\u00a0\u00a0 \u00a0Un s\u00edmbolo profundo de la historia y la cultura en la regi\u00f3n<\/span><\/div>\n<div><\/div>\n<div align=\"center\"><strong><span style=\"font-size: 14pt;\">Por Miguel \u00c1ngel Cristiani G.<\/span><\/strong><\/div>\n<div align=\"center\"><\/div>\n<div><span style=\"font-size: 14pt;\">De acuerdo con los que saben, la parroquia de San Miguel Arc\u00e1ngel en el municipio de Perote, es posiblemente una de las cinco m\u00e1s bellas iglesias en todo el estado de Veracruz.<\/span><\/div>\n<div><span style=\"font-size: 14pt;\">Tuvimos la oportunidad de conocerla en su espl\u00e9ndido interior, que luce en todo su esplendor, luego de que se terminaran los trabajos de mantenimiento al edificio, que ya tiene una antig\u00fcedad de m\u00e1s de trescientos a\u00f1os y luce como reci\u00e9n acabado, con su piso blanco de m\u00e1rmol tallado.<\/span><\/div>\n<div><span style=\"font-size: 14pt;\">Definitivamente es una obra de arte arquitect\u00f3nica y de gran valor hist\u00f3rico que se debe de visitar.<\/span><\/div>\n<div><span style=\"font-size: 14pt;\">Nada m\u00e1s un dato: en esa iglesia se ofici\u00f3 la misa luctuosa del primer presidente de la rep\u00fablica el general Guadalupe Victoria, quien falleci\u00f3 precisamente en la Fortaleza de Perote.<\/span><\/div>\n<div><span style=\"font-size: 14pt;\">Estuvimos con el Padre Jos\u00e9 Manuel Suazo Reyes quien es actualmente el encargado de oficiar misa dos veces al d\u00eda, para atender a todos los feligreses no solo de la cabecera municipal, sino incluso de otras comunidades vecinas.<\/span><\/div>\n<div><span style=\"font-size: 14pt;\">Platicamos tambi\u00e9n con Jorge P\u00e9rez Quintos el arquitecto designado como cronista oficial de Perote, nombrado el 5 de abril de 2024 en una ceremonia en el Palacio Municipal.<\/span><\/div>\n<div><span style=\"font-size: 14pt;\">P\u00e9rez Quintos ha mostrado una pasi\u00f3n extraordinaria por la historia local y ha sido reconocido por su trabajo en la investigaci\u00f3n y conocimiento de la historia de Perote<\/span><\/div>\n<div><span style=\"font-size: 14pt;\">La Parroquia de San Miguel en Perote, Veracruz, es un s\u00edmbolo profundo de la historia y la cultura de esta regi\u00f3n. Fundada en el siglo XVI, su relevancia va m\u00e1s all\u00e1 de lo arquitect\u00f3nico; es un punto de encuentro de tradiciones, creencias y eventos hist\u00f3ricos que han moldeado a la comunidad.<\/span><\/div>\n<div><span style=\"font-size: 14pt;\">\u00b7\u00a0\u00a0\u00a0\u00a0\u00a0 \u00a0Contexto Hist\u00f3rico<\/span><\/div>\n<div><span style=\"font-size: 14pt;\">Fundaci\u00f3n y Primeros A\u00f1os<\/span><\/div>\n<div><span style=\"font-size: 14pt;\">La parroquia fue establecida en 1550, en un periodo de colonizaci\u00f3n intensa. Los espa\u00f1oles franciscanos llegaron con la misi\u00f3n de evangelizar a la poblaci\u00f3n ind\u00edgena. La construcci\u00f3n de la iglesia marc\u00f3 el inicio de un nuevo orden social y religioso en la zona, que era el paso obligado hacia la capital del pa\u00eds.<\/span><\/div>\n<div><span style=\"font-size: 14pt;\">Influencia Colonial<\/span><\/div>\n<div><span style=\"font-size: 14pt;\">Durante el periodo colonial, la parroquia se convirti\u00f3 en el centro religioso de Perote. La arquitectura de la iglesia refleja el estilo barroco que predominaba en el M\u00e9xico virreinal, con elementos que a\u00fan son visibles en su estructura actual y que nos fueron explicados por el cronista P\u00e9rez Quintos.<\/span><\/div>\n<div><span style=\"font-size: 14pt;\">\u00b7\u00a0\u00a0\u00a0\u00a0\u00a0 \u00a0Arquitectura de la Parroquia<\/span><\/div>\n<div><span style=\"font-size: 14pt;\">Estilo Barroco<\/span><\/div>\n<div><span style=\"font-size: 14pt;\">La Parroquia de San Miguel es un ejemplo destacado del barroco mexicano. Su fachada presenta detalles ornamentales que capturan la atenci\u00f3n. Las torres y los arcos son representativos de la \u00e9poca, creando un di\u00e1logo visual con el entorno.<\/span><\/div>\n<div><span style=\"font-size: 14pt;\">Elementos Interiores<\/span><\/div>\n<div><span style=\"font-size: 14pt;\">El interior es igualmente impresionante. Los altares, decorados con dorados y esculturas, muestran la devoci\u00f3n de la comunidad. Las pinturas que adornan las paredes cuentan la historia de la fe y la resistencia de la poblaci\u00f3n.<\/span><\/div>\n<div><span style=\"font-size: 14pt;\">\u00b7\u00a0\u00a0\u00a0\u00a0\u00a0 \u00a0Significado Cultural<\/span><\/div>\n<div><span style=\"font-size: 14pt;\">Un Centro de Fe<\/span><\/div>\n<div><span style=\"font-size: 14pt;\">Nos comenta el Padre Suazo que la parroquia no solo es un edificio religioso; es el coraz\u00f3n de la comunidad. Las festividades religiosas, como la celebraci\u00f3n de San Miguel, atraen a miles de fieles. Estas festividades son momentos de uni\u00f3n y celebraci\u00f3n, donde las tradiciones se transmiten de generaci\u00f3n en generaci\u00f3n.<\/span><\/div>\n<div><span style=\"font-size: 14pt;\">Pero adem\u00e1s tiene un comedor comunitario en donde se ofrecen desayunos o comidas a cerca de dos mil personal al d\u00eda a un bajo costo de recuperaci\u00f3n.<\/span><\/div>\n<div><span style=\"font-size: 14pt;\">Tradiciones y Costumbres<\/span><\/div>\n<div><span style=\"font-size: 14pt;\">Las tradiciones en torno a la parroquia son ricas y variadas. Desde las misas dominicales hasta las procesiones, cada actividad tiene un significado profundo. La m\u00fasica, los bailes y la gastronom\u00eda en estas festividades son reflejos de la identidad local.<\/span><\/div>\n<div><span style=\"font-size: 14pt;\">\u00b7\u00a0\u00a0\u00a0\u00a0\u00a0 \u00a0Desaf\u00edos y Restauraci\u00f3n<\/span><\/div>\n<div><span style=\"font-size: 14pt;\">Mantenimiento y Conservaci\u00f3n<\/span><\/div>\n<div><span style=\"font-size: 14pt;\">A lo largo de los a\u00f1os, la parroquia ha enfrentado desaf\u00edos relacionados con el mantenimiento de su estructura. La humedad y el paso del tiempo han afectado algunos elementos arquitect\u00f3nicos. Sin embargo, la comunidad ha tomado iniciativas para restaurar y preservar este patrimonio y gracias a ellos es que se encuentra en inigualables condiciones.<\/span><\/div>\n<div><span style=\"font-size: 14pt;\">Proyectos de Restauraci\u00f3n<\/span><\/div>\n<div><span style=\"font-size: 14pt;\">En a\u00f1os recientes, luego de la llegada del Padre Suazo a la parroquia, se han implementado proyectos de restauraci\u00f3n. Estos esfuerzos buscan no solo conservar la arquitectura, sino tambi\u00e9n revitalizar la vida comunitaria en torno a la parroquia. La participaci\u00f3n de la comunidad ha sido esencial en estos proyectos.<\/span><\/div>\n<div><span style=\"font-size: 14pt;\">\u00b7\u00a0\u00a0\u00a0\u00a0\u00a0 \u00a0La Parroquia en la Actualidad<\/span><\/div>\n<div><span style=\"font-size: 14pt;\">Un Espacio de Encuentro<\/span><\/div>\n<div><span style=\"font-size: 14pt;\">Hoy, la Parroquia de San Miguel sigue siendo un espacio de encuentro para los habitantes de Perote. Las actividades sociales y culturales se han integrado a la vida diaria, fortaleciendo los lazos comunitarios.<\/span><\/div>\n<div><span style=\"font-size: 14pt;\">Impacto en el Turismo<\/span><\/div>\n<div><span style=\"font-size: 14pt;\">La iglesia tambi\u00e9n ha comenzado a atraer a turistas. La belleza de su arquitectura y la riqueza de su historia la convierten en un destino obligado para quienes buscan conocer m\u00e1s sobre la cultura veracruzana.<\/span><\/div>\n<div><span style=\"font-size: 14pt;\">La Parroquia de San Miguel en Perote es m\u00e1s que un edificio; es un s\u00edmbolo de identidad y resistencia. Su historia, arquitectura y significado cultural la convierten en un lugar fundamental en la vida de la comunidad. La preservaci\u00f3n de este patrimonio es esencial para las futuras generaciones, asegurando que la rica historia de Perote siga viva.<\/span><\/div>\n<div><span style=\"font-size: 14pt;\">A medida que avanzamos hacia el futuro, es imperativo que tanto las autoridades como la comunidad contin\u00faen trabajando juntos, para proteger y valorar este legado. La Parroquia de San Miguel no solo cuenta la historia de un lugar; narra la historia de su gente, sus luchas y sus triunfos.<\/span><\/div>\n","protected":false},"excerpt":{"rendered":"<p>\u00b7\u00a0\u00a0\u00a0\u00a0\u00a0 \u00a0Una de las cinco iglesias m\u00e1s bellas de Veracruz \u00b7\u00a0\u00a0\u00a0\u00a0\u00a0 \u00a0Es una obra de arte arquitect\u00f3nica y de gran<\/p>\n","protected":false},"author":4,"featured_media":45681,"comment_status":"closed","ping_status":"closed","sticky":false,"template":"","format":"standard","meta":{"colormag_page_container_layout":"default_layout","colormag_page_sidebar_layout":"default_layout","_jetpack_memberships_contains_paid_content":false,"footnotes":"","jetpack_publicize_message":"","jetpack_publicize_feature_enabled":true,"jetpack_social_post_already_shared":false,"jetpack_social_options":{"image_generator_settings":{"template":"highway","default_image_id":0,"font":"","enabled":false},"version":2}},"categories":[26],"tags":[],"class_list":["post-49488","post","type-post","status-publish","format-standard","has-post-thumbnail","hentry","category-columnistas"],"jetpack_publicize_connections":[],"jetpack_featured_media_url":"https:\/\/i0.wp.com\/politicosaldesnudo.com.mx\/wp-content\/uploads\/2024\/09\/CRISTIANI.jpg?fit=800%2C445&ssl=1","jetpack-related-posts":[],"jetpack_sharing_enabled":true,"_links":{"self":[{"href":"https:\/\/politicosaldesnudo.com.mx\/index.php\/wp-json\/wp\/v2\/posts\/49488","targetHints":{"allow":["GET"]}}],"collection":[{"href":"https:\/\/politicosaldesnudo.com.mx\/index.php\/wp-json\/wp\/v2\/posts"}],"about":[{"href":"https:\/\/politicosaldesnudo.com.mx\/index.php\/wp-json\/wp\/v2\/types\/post"}],"author":[{"embeddable":true,"href":"https:\/\/politicosaldesnudo.com.mx\/index.php\/wp-json\/wp\/v2\/users\/4"}],"replies":[{"embeddable":true,"href":"https:\/\/politicosaldesnudo.com.mx\/index.php\/wp-json\/wp\/v2\/comments?post=49488"}],"version-history":[{"count":0,"href":"https:\/\/politicosaldesnudo.com.mx\/index.php\/wp-json\/wp\/v2\/posts\/49488\/revisions"}],"wp:featuredmedia":[{"embeddable":true,"href":"https:\/\/politicosaldesnudo.com.mx\/index.php\/wp-json\/wp\/v2\/media\/45681"}],"wp:attachment":[{"href":"https:\/\/politicosaldesnudo.com.mx\/index.php\/wp-json\/wp\/v2\/media?parent=49488"}],"wp:term":[{"taxonomy":"category","embeddable":true,"href":"https:\/\/politicosaldesnudo.com.mx\/index.php\/wp-json\/wp\/v2\/categories?post=49488"},{"taxonomy":"post_tag","embeddable":true,"href":"https:\/\/politicosaldesnudo.com.mx\/index.php\/wp-json\/wp\/v2\/tags?post=49488"}],"curies":[{"name":"wp","href":"https:\/\/api.w.org\/{rel}","templated":true}]}}