{"id":49492,"date":"2024-10-31T10:00:57","date_gmt":"2024-10-31T16:00:57","guid":{"rendered":"https:\/\/politicosaldesnudo.com.mx\/?p=49492"},"modified":"2024-10-31T10:00:57","modified_gmt":"2024-10-31T16:00:57","slug":"inicio-en-tuxpan-la-celebracion-del-dia-de-muertos-con-un-multitudinario-desfile-y-un-festival-cultural","status":"publish","type":"post","link":"https:\/\/politicosaldesnudo.com.mx\/index.php\/2024\/10\/31\/inicio-en-tuxpan-la-celebracion-del-dia-de-muertos-con-un-multitudinario-desfile-y-un-festival-cultural\/","title":{"rendered":"Inici\u00f3 en Tuxpan la celebraci\u00f3n del D\u00eda de Muertos con un multitudinario desfile y un festival cultural"},"content":{"rendered":"<p><img data-recalc-dims=\"1\" loading=\"lazy\" decoding=\"async\" class=\"aligncenter size-large wp-image-49493\" src=\"https:\/\/i0.wp.com\/politicosaldesnudo.com.mx\/wp-content\/uploads\/2024\/10\/18bf809d-32e1-43bf-9521-481b057b4067-1024x681.jpg?resize=800%2C532&#038;ssl=1\" alt=\"\" width=\"800\" height=\"532\" srcset=\"https:\/\/i0.wp.com\/politicosaldesnudo.com.mx\/wp-content\/uploads\/2024\/10\/18bf809d-32e1-43bf-9521-481b057b4067-scaled.jpg?resize=1024%2C681&amp;ssl=1 1024w, https:\/\/i0.wp.com\/politicosaldesnudo.com.mx\/wp-content\/uploads\/2024\/10\/18bf809d-32e1-43bf-9521-481b057b4067-scaled.jpg?resize=300%2C200&amp;ssl=1 300w, https:\/\/i0.wp.com\/politicosaldesnudo.com.mx\/wp-content\/uploads\/2024\/10\/18bf809d-32e1-43bf-9521-481b057b4067-scaled.jpg?resize=768%2C511&amp;ssl=1 768w, https:\/\/i0.wp.com\/politicosaldesnudo.com.mx\/wp-content\/uploads\/2024\/10\/18bf809d-32e1-43bf-9521-481b057b4067-scaled.jpg?resize=1536%2C1022&amp;ssl=1 1536w, https:\/\/i0.wp.com\/politicosaldesnudo.com.mx\/wp-content\/uploads\/2024\/10\/18bf809d-32e1-43bf-9521-481b057b4067-scaled.jpg?resize=2048%2C1362&amp;ssl=1 2048w, https:\/\/i0.wp.com\/politicosaldesnudo.com.mx\/wp-content\/uploads\/2024\/10\/18bf809d-32e1-43bf-9521-481b057b4067-scaled.jpg?w=1600&amp;ssl=1 1600w, https:\/\/i0.wp.com\/politicosaldesnudo.com.mx\/wp-content\/uploads\/2024\/10\/18bf809d-32e1-43bf-9521-481b057b4067-scaled.jpg?w=2400&amp;ssl=1 2400w\" sizes=\"auto, (max-width: 800px) 100vw, 800px\" \/> <img data-recalc-dims=\"1\" loading=\"lazy\" decoding=\"async\" class=\"aligncenter size-large wp-image-49494\" src=\"https:\/\/i0.wp.com\/politicosaldesnudo.com.mx\/wp-content\/uploads\/2024\/10\/36db73a6-fc78-4ff2-a0a7-f3304db5e7c1-1024x681.jpg?resize=800%2C532&#038;ssl=1\" alt=\"\" width=\"800\" height=\"532\" srcset=\"https:\/\/i0.wp.com\/politicosaldesnudo.com.mx\/wp-content\/uploads\/2024\/10\/36db73a6-fc78-4ff2-a0a7-f3304db5e7c1-scaled.jpg?resize=1024%2C681&amp;ssl=1 1024w, https:\/\/i0.wp.com\/politicosaldesnudo.com.mx\/wp-content\/uploads\/2024\/10\/36db73a6-fc78-4ff2-a0a7-f3304db5e7c1-scaled.jpg?resize=300%2C200&amp;ssl=1 300w, https:\/\/i0.wp.com\/politicosaldesnudo.com.mx\/wp-content\/uploads\/2024\/10\/36db73a6-fc78-4ff2-a0a7-f3304db5e7c1-scaled.jpg?resize=768%2C511&amp;ssl=1 768w, https:\/\/i0.wp.com\/politicosaldesnudo.com.mx\/wp-content\/uploads\/2024\/10\/36db73a6-fc78-4ff2-a0a7-f3304db5e7c1-scaled.jpg?resize=1536%2C1022&amp;ssl=1 1536w, https:\/\/i0.wp.com\/politicosaldesnudo.com.mx\/wp-content\/uploads\/2024\/10\/36db73a6-fc78-4ff2-a0a7-f3304db5e7c1-scaled.jpg?resize=2048%2C1362&amp;ssl=1 2048w, https:\/\/i0.wp.com\/politicosaldesnudo.com.mx\/wp-content\/uploads\/2024\/10\/36db73a6-fc78-4ff2-a0a7-f3304db5e7c1-scaled.jpg?w=1600&amp;ssl=1 1600w, https:\/\/i0.wp.com\/politicosaldesnudo.com.mx\/wp-content\/uploads\/2024\/10\/36db73a6-fc78-4ff2-a0a7-f3304db5e7c1-scaled.jpg?w=2400&amp;ssl=1 2400w\" sizes=\"auto, (max-width: 800px) 100vw, 800px\" \/> <img data-recalc-dims=\"1\" loading=\"lazy\" decoding=\"async\" class=\"aligncenter size-large wp-image-49495\" src=\"https:\/\/i0.wp.com\/politicosaldesnudo.com.mx\/wp-content\/uploads\/2024\/10\/a16cd5f8-447c-4172-b7e7-ea75684019b0-1024x681.jpg?resize=800%2C532&#038;ssl=1\" alt=\"\" width=\"800\" height=\"532\" srcset=\"https:\/\/i0.wp.com\/politicosaldesnudo.com.mx\/wp-content\/uploads\/2024\/10\/a16cd5f8-447c-4172-b7e7-ea75684019b0-scaled.jpg?resize=1024%2C681&amp;ssl=1 1024w, https:\/\/i0.wp.com\/politicosaldesnudo.com.mx\/wp-content\/uploads\/2024\/10\/a16cd5f8-447c-4172-b7e7-ea75684019b0-scaled.jpg?resize=300%2C200&amp;ssl=1 300w, https:\/\/i0.wp.com\/politicosaldesnudo.com.mx\/wp-content\/uploads\/2024\/10\/a16cd5f8-447c-4172-b7e7-ea75684019b0-scaled.jpg?resize=768%2C511&amp;ssl=1 768w, https:\/\/i0.wp.com\/politicosaldesnudo.com.mx\/wp-content\/uploads\/2024\/10\/a16cd5f8-447c-4172-b7e7-ea75684019b0-scaled.jpg?resize=1536%2C1022&amp;ssl=1 1536w, https:\/\/i0.wp.com\/politicosaldesnudo.com.mx\/wp-content\/uploads\/2024\/10\/a16cd5f8-447c-4172-b7e7-ea75684019b0-scaled.jpg?resize=2048%2C1362&amp;ssl=1 2048w, https:\/\/i0.wp.com\/politicosaldesnudo.com.mx\/wp-content\/uploads\/2024\/10\/a16cd5f8-447c-4172-b7e7-ea75684019b0-scaled.jpg?w=1600&amp;ssl=1 1600w, https:\/\/i0.wp.com\/politicosaldesnudo.com.mx\/wp-content\/uploads\/2024\/10\/a16cd5f8-447c-4172-b7e7-ea75684019b0-scaled.jpg?w=2400&amp;ssl=1 2400w\" sizes=\"auto, (max-width: 800px) 100vw, 800px\" \/> <img data-recalc-dims=\"1\" loading=\"lazy\" decoding=\"async\" class=\"aligncenter size-large wp-image-49496\" src=\"https:\/\/i0.wp.com\/politicosaldesnudo.com.mx\/wp-content\/uploads\/2024\/10\/d19e260c-4928-4620-8686-3f580351e036-1024x681.jpg?resize=800%2C532&#038;ssl=1\" alt=\"\" width=\"800\" height=\"532\" srcset=\"https:\/\/i0.wp.com\/politicosaldesnudo.com.mx\/wp-content\/uploads\/2024\/10\/d19e260c-4928-4620-8686-3f580351e036-scaled.jpg?resize=1024%2C681&amp;ssl=1 1024w, https:\/\/i0.wp.com\/politicosaldesnudo.com.mx\/wp-content\/uploads\/2024\/10\/d19e260c-4928-4620-8686-3f580351e036-scaled.jpg?resize=300%2C200&amp;ssl=1 300w, https:\/\/i0.wp.com\/politicosaldesnudo.com.mx\/wp-content\/uploads\/2024\/10\/d19e260c-4928-4620-8686-3f580351e036-scaled.jpg?resize=768%2C511&amp;ssl=1 768w, https:\/\/i0.wp.com\/politicosaldesnudo.com.mx\/wp-content\/uploads\/2024\/10\/d19e260c-4928-4620-8686-3f580351e036-scaled.jpg?resize=1536%2C1022&amp;ssl=1 1536w, https:\/\/i0.wp.com\/politicosaldesnudo.com.mx\/wp-content\/uploads\/2024\/10\/d19e260c-4928-4620-8686-3f580351e036-scaled.jpg?resize=2048%2C1362&amp;ssl=1 2048w, https:\/\/i0.wp.com\/politicosaldesnudo.com.mx\/wp-content\/uploads\/2024\/10\/d19e260c-4928-4620-8686-3f580351e036-scaled.jpg?w=1600&amp;ssl=1 1600w, https:\/\/i0.wp.com\/politicosaldesnudo.com.mx\/wp-content\/uploads\/2024\/10\/d19e260c-4928-4620-8686-3f580351e036-scaled.jpg?w=2400&amp;ssl=1 2400w\" sizes=\"auto, (max-width: 800px) 100vw, 800px\" \/><\/p>\n<p><span style=\"font-size: 14pt;\">\u2022 El alcalde Jos\u00e9 Manuel Pozos Castro invit\u00f3 a la ciudadan\u00eda a los eventos que se tienen programados del 30 de octubre al 2 de noviembre<\/span><\/p>\n<p><span style=\"font-size: 14pt;\">\u00a0Con un colorido desfile en el que se cont\u00f3 con una enorme participaci\u00f3n ciudadana, dio inicio el Festival de D\u00eda de Muertos \u201cTradici\u00f3n de nuestra gente\u201d, que celebra la vida a trav\u00e9s de la muerte.<\/span><\/p>\n<p><span style=\"font-size: 14pt;\">Caracterizados con disfraces alusivos a esta festividad, decenas de personas recorrieron el bulevar, en lo que fue una aut\u00e9ntica fiesta y convivencia familiar.<\/span><\/p>\n<p><span style=\"font-size: 14pt;\">Participaron estudiantes de nivel b\u00e1sico y medio, academias de danza, comparsas de baile y la banda Leones Marching Band.<\/span><\/p>\n<p><span style=\"font-size: 14pt;\">Posteriormente, en la plaza c\u00edvica el presidente municipal Lic. Jos\u00e9 Manuel Pozos Castro, su esposa Pamela Morales Huesca, presidenta del DIF Tuxpan; las regidoras Mar\u00eda del Pilar Mart\u00ednez Matesanz, Anah\u00ed Aguilar L\u00f3pez, Lucero Res\u00e9ndis Ambrocio y el regidor Axel Bernal Herrera; adem\u00e1s del delegado regional de la SEV en Tuxpan, Prof. On\u00e9simo P\u00e9rez Ramos y el director de Cultura, Israel Luna Osorio, encabezaron la inauguraci\u00f3n del festival.<\/span><\/p>\n<p><span style=\"font-size: 14pt;\">\u201cEl D\u00eda de Muertos, es una gran oportunidad para privilegiar el recuerdo sobre el olvido y la presencia sobre la ausencia. Todos hacemos grande esta celebraci\u00f3n llena de misticismo, de colores, m\u00fasica, aromas, sabores y rituales\u201d, expres\u00f3 el alcalde en su mensaje.<\/span><\/p>\n<p><span style=\"font-size: 14pt;\">\u201cEl alma de esta festividad son todas y todos ustedes, porque al participar mantienen viva esta tradici\u00f3n, que es muy nuestra, y que con orgullo compartimos con el mundo\u201d, agreg\u00f3.<\/span><\/p>\n<p><span style=\"font-size: 14pt;\">De la misma manera, invit\u00f3 a la poblaci\u00f3n a que asista a las actividades culturales y art\u00edsticas que se tienen programadas, como los concursos de malinches, catrinas, altares y el Festival Xantolo.<\/span><\/p>\n<p><span style=\"font-size: 14pt;\">Como parte del elenco participaron Marching Band Tiburones del CETMAR No. 20, la academia de danza Rosita Laso de la Vega, alumnas y alumnos de la escuela primaria Jos\u00e9 Mar\u00eda Morelos y Pav\u00f3n, el Ballet Xanath, la academia de baile CEA, la academia de danza Xtrem Angel\u2019s, catrines animados de Tuxpan y las comparsas Bemb\u00e9, Classic Boys y Son Como Son.<\/span><\/p>\n<p><span style=\"font-size: 14pt;\">Ma\u00f1ana jueves se llevar\u00e1 a cabo la colocaci\u00f3n de la primera ofrenda en el altar municipal, a las 12:00 del d\u00eda; m\u00e1s tarde, a las 5:00 p.m. en la plaza c\u00edvica se realizar\u00e1 el concurso de altares y a las 8:00 p.m., el concurso de Malinches.<\/span><\/p>\n","protected":false},"excerpt":{"rendered":"<p>\u2022 El alcalde Jos\u00e9 Manuel Pozos Castro invit\u00f3 a la ciudadan\u00eda a los eventos que se tienen programados del 30<\/p>\n","protected":false},"author":4,"featured_media":49497,"comment_status":"closed","ping_status":"closed","sticky":false,"template":"","format":"standard","meta":{"colormag_page_container_layout":"default_layout","colormag_page_sidebar_layout":"default_layout","_jetpack_memberships_contains_paid_content":false,"footnotes":"","jetpack_publicize_message":"","jetpack_publicize_feature_enabled":true,"jetpack_social_post_already_shared":false,"jetpack_social_options":{"image_generator_settings":{"template":"highway","default_image_id":0,"font":"","enabled":false},"version":2}},"categories":[3205,1082],"tags":[],"class_list":["post-49492","post","type-post","status-publish","format-standard","has-post-thumbnail","hentry","category-gobierno-tuxpan","category-tuxpan"],"jetpack_publicize_connections":[],"jetpack_featured_media_url":"https:\/\/i0.wp.com\/politicosaldesnudo.com.mx\/wp-content\/uploads\/2024\/10\/e12622c3-7a9e-4c5e-8640-c1a4da7ffebe-scaled.jpg?fit=2560%2C1703&ssl=1","jetpack-related-posts":[],"jetpack_sharing_enabled":true,"_links":{"self":[{"href":"https:\/\/politicosaldesnudo.com.mx\/index.php\/wp-json\/wp\/v2\/posts\/49492","targetHints":{"allow":["GET"]}}],"collection":[{"href":"https:\/\/politicosaldesnudo.com.mx\/index.php\/wp-json\/wp\/v2\/posts"}],"about":[{"href":"https:\/\/politicosaldesnudo.com.mx\/index.php\/wp-json\/wp\/v2\/types\/post"}],"author":[{"embeddable":true,"href":"https:\/\/politicosaldesnudo.com.mx\/index.php\/wp-json\/wp\/v2\/users\/4"}],"replies":[{"embeddable":true,"href":"https:\/\/politicosaldesnudo.com.mx\/index.php\/wp-json\/wp\/v2\/comments?post=49492"}],"version-history":[{"count":0,"href":"https:\/\/politicosaldesnudo.com.mx\/index.php\/wp-json\/wp\/v2\/posts\/49492\/revisions"}],"wp:featuredmedia":[{"embeddable":true,"href":"https:\/\/politicosaldesnudo.com.mx\/index.php\/wp-json\/wp\/v2\/media\/49497"}],"wp:attachment":[{"href":"https:\/\/politicosaldesnudo.com.mx\/index.php\/wp-json\/wp\/v2\/media?parent=49492"}],"wp:term":[{"taxonomy":"category","embeddable":true,"href":"https:\/\/politicosaldesnudo.com.mx\/index.php\/wp-json\/wp\/v2\/categories?post=49492"},{"taxonomy":"post_tag","embeddable":true,"href":"https:\/\/politicosaldesnudo.com.mx\/index.php\/wp-json\/wp\/v2\/tags?post=49492"}],"curies":[{"name":"wp","href":"https:\/\/api.w.org\/{rel}","templated":true}]}}