{"id":49499,"date":"2024-10-31T14:44:27","date_gmt":"2024-10-31T20:44:27","guid":{"rendered":"https:\/\/politicosaldesnudo.com.mx\/?p=49499"},"modified":"2024-10-31T14:44:27","modified_gmt":"2024-10-31T20:44:27","slug":"osx-presenta-concierto-para-piano-n-2-de-rachmaninov-en-tlaqna","status":"publish","type":"post","link":"https:\/\/politicosaldesnudo.com.mx\/index.php\/2024\/10\/31\/osx-presenta-concierto-para-piano-n-2-de-rachmaninov-en-tlaqna\/","title":{"rendered":"OSX presenta Concierto para piano n.\u00b0 2 de Rachmaninov en Tlaqn\u00e1"},"content":{"rendered":"<ul>\n<li><span style=\"font-size: 14pt;\">Alexandre Moutouzkine, solista del 7\u00b0 Festival CIBAR<\/span><\/li>\n<li><span style=\"font-size: 14pt;\">Sinfon\u00eda n.\u00b0 36 \u201cLinz\u201d de Mozart, bajo la batuta de Martin Lebel<\/span><\/li>\n<\/ul>\n<p><span style=\"font-size: 14pt;\">La Orquesta Sinf\u00f3nica de Xalapa forma parte del 7\u00b0 Festival CIBAR y presenta el Concierto para piano n.\u00b0 2 de Rachmaninov con el pianista ruso, Alexandre Moutouzkine, quien ha realizado giras como solista con m\u00e1s de 60 orquestas en Europa, Am\u00e9rica del Norte y del Sur, y Asia. Esta obra es una de las composiciones m\u00e1s queridas y representativas del repertorio pian\u00edstico cl\u00e1sico. Estrenada en 1901, esta obra refleja no solo la maestr\u00eda t\u00e9cnica del compositor, sino tambi\u00e9n su profunda conexi\u00f3n emocional con la m\u00fasica. <\/span><br \/>\n<span style=\"font-size: 14pt;\">Tambi\u00e9n interpretar\u00e1 la Sinfon\u00eda n.\u00b0 36 \u201cLinz\u201d de Mozart, es una de las obras maestras del compositor, creada en 1783. Mozart compuso la Sinfon\u00eda \u201cLinz\u201d durante su estancia en la ciudad austriaca hom\u00f3nima, donde fue invitado por el conde Thun-Hohenstein. La obra fue escrita en un tiempo relativamente corto, en apenas cuatro d\u00edas, lo que demuestra la prodigiosa capacidad del compositor.<\/span><br \/>\n<span style=\"font-size: 14pt;\">Este concierto se realizar\u00e1 el viernes 8 de noviembre a las 20:00 h desde Tlaqn\u00e1, Centro Cultural; con una charla de concierto previa, ofrecida por el presidente del CIBAR Mois\u00e9s Barradas, en punto de las 19:00 h en la Sala Did\u00e1ctica del recinto.<\/span><\/p>\n<p><span style=\"font-size: 14pt;\">El festival congregar\u00e1 a 58 participantes activos provenientes de 17 estados de la rep\u00fablica, as\u00ed como de Francia, Corea del Sur, Estados Unidos y Honduras, quienes se sumar\u00e1n a esta experiencia \u00fanica. Con la presentaci\u00f3n de los maestros: Dra. Chlo\u00e9 KiNer (Francia) \u2013 Renombrada maestra de viol\u00edn de Manhattan School of Music; Dra. Enriqueta Somarriba (Espa\u00f1a) \u2013 Destacada pianista espa\u00f1ola y maestra del Distance Learning Program de Manhattan School of Music; Mtra. Claudia Corona (M\u00e9xico\/Alemania) \u2013 Pianista concertista de prestigio internacional; Dr. Er Hsuan Li (Taiw\u00e1n) \u2013 Catedr\u00e1tico en Pacific Lutheran University; Mtro. Mois\u00e9s Barradas (M\u00e9xico) \u2013 Pianista concertista, gestor cultural, director art\u00edstico del festival y presidente del CIBAR A.C. Estos conciertos se realizar\u00e1n del 3 al 9 de noviembre, en el Auditorio del ISMEV. Adem\u00e1s del solista de la OSX, Alexandre Moutouzkine, \u2013 Co-director de la facultad de piano de Manhattan School of Music y galardonado en m\u00e1s de 20 competencias internacionales.<\/span><\/p>\n","protected":false},"excerpt":{"rendered":"<p>Alexandre Moutouzkine, solista del 7\u00b0 Festival CIBAR Sinfon\u00eda n.\u00b0 36 \u201cLinz\u201d de Mozart, bajo la batuta de Martin Lebel La<\/p>\n","protected":false},"author":4,"featured_media":49500,"comment_status":"closed","ping_status":"closed","sticky":false,"template":"","format":"standard","meta":{"colormag_page_container_layout":"default_layout","colormag_page_sidebar_layout":"default_layout","_jetpack_memberships_contains_paid_content":false,"footnotes":"","jetpack_publicize_message":"","jetpack_publicize_feature_enabled":true,"jetpack_social_post_already_shared":false,"jetpack_social_options":{"image_generator_settings":{"template":"highway","default_image_id":0,"font":"","enabled":false},"version":2}},"categories":[474],"tags":[],"class_list":["post-49499","post","type-post","status-publish","format-standard","has-post-thumbnail","hentry","category-cultura"],"jetpack_publicize_connections":[],"jetpack_featured_media_url":"https:\/\/i0.wp.com\/politicosaldesnudo.com.mx\/wp-content\/uploads\/2024\/10\/FOTO-OSX-5-scaled.jpg?fit=2560%2C999&ssl=1","jetpack-related-posts":[],"jetpack_sharing_enabled":true,"_links":{"self":[{"href":"https:\/\/politicosaldesnudo.com.mx\/index.php\/wp-json\/wp\/v2\/posts\/49499","targetHints":{"allow":["GET"]}}],"collection":[{"href":"https:\/\/politicosaldesnudo.com.mx\/index.php\/wp-json\/wp\/v2\/posts"}],"about":[{"href":"https:\/\/politicosaldesnudo.com.mx\/index.php\/wp-json\/wp\/v2\/types\/post"}],"author":[{"embeddable":true,"href":"https:\/\/politicosaldesnudo.com.mx\/index.php\/wp-json\/wp\/v2\/users\/4"}],"replies":[{"embeddable":true,"href":"https:\/\/politicosaldesnudo.com.mx\/index.php\/wp-json\/wp\/v2\/comments?post=49499"}],"version-history":[{"count":0,"href":"https:\/\/politicosaldesnudo.com.mx\/index.php\/wp-json\/wp\/v2\/posts\/49499\/revisions"}],"wp:featuredmedia":[{"embeddable":true,"href":"https:\/\/politicosaldesnudo.com.mx\/index.php\/wp-json\/wp\/v2\/media\/49500"}],"wp:attachment":[{"href":"https:\/\/politicosaldesnudo.com.mx\/index.php\/wp-json\/wp\/v2\/media?parent=49499"}],"wp:term":[{"taxonomy":"category","embeddable":true,"href":"https:\/\/politicosaldesnudo.com.mx\/index.php\/wp-json\/wp\/v2\/categories?post=49499"},{"taxonomy":"post_tag","embeddable":true,"href":"https:\/\/politicosaldesnudo.com.mx\/index.php\/wp-json\/wp\/v2\/tags?post=49499"}],"curies":[{"name":"wp","href":"https:\/\/api.w.org\/{rel}","templated":true}]}}