{"id":4950,"date":"2022-05-07T21:14:04","date_gmt":"2022-05-08T02:14:04","guid":{"rendered":"https:\/\/politicosaldesnudo.com.mx\/?p=4950"},"modified":"2022-05-07T21:41:04","modified_gmt":"2022-05-08T02:41:04","slug":"firman-acuerdo-mexico-belice-sembrando-vida-se-implementara-en-belice","status":"publish","type":"post","link":"https:\/\/politicosaldesnudo.com.mx\/index.php\/2022\/05\/07\/firman-acuerdo-mexico-belice-sembrando-vida-se-implementara-en-belice\/","title":{"rendered":"Firman acuerdo, Sembrando Vida llega a Belice"},"content":{"rendered":"<p class=\"p1\"><span style=\"font-size: 14pt;\"><em><strong><img data-recalc-dims=\"1\" loading=\"lazy\" decoding=\"async\" class=\"alignleft wp-image-4873\" src=\"https:\/\/i0.wp.com\/politicosaldesnudo.com.mx\/wp-content\/uploads\/2022\/05\/IDENTIFICATIVO-AMLO-300x167.png?resize=150%2C83&#038;ssl=1\" alt=\"\" width=\"150\" height=\"83\" srcset=\"https:\/\/i0.wp.com\/politicosaldesnudo.com.mx\/wp-content\/uploads\/2022\/05\/IDENTIFICATIVO-AMLO.png?resize=300%2C167&amp;ssl=1 300w, https:\/\/i0.wp.com\/politicosaldesnudo.com.mx\/wp-content\/uploads\/2022\/05\/IDENTIFICATIVO-AMLO.png?resize=1024%2C569&amp;ssl=1 1024w, https:\/\/i0.wp.com\/politicosaldesnudo.com.mx\/wp-content\/uploads\/2022\/05\/IDENTIFICATIVO-AMLO.png?resize=768%2C427&amp;ssl=1 768w, https:\/\/i0.wp.com\/politicosaldesnudo.com.mx\/wp-content\/uploads\/2022\/05\/IDENTIFICATIVO-AMLO.png?resize=1536%2C853&amp;ssl=1 1536w, https:\/\/i0.wp.com\/politicosaldesnudo.com.mx\/wp-content\/uploads\/2022\/05\/IDENTIFICATIVO-AMLO.png?resize=800%2C445&amp;ssl=1 800w, https:\/\/i0.wp.com\/politicosaldesnudo.com.mx\/wp-content\/uploads\/2022\/05\/IDENTIFICATIVO-AMLO.png?w=1800&amp;ssl=1 1800w\" sizes=\"auto, (max-width: 150px) 100vw, 150px\" \/>Belice.<\/strong> <\/em>El presidente <strong>Andr\u00e9s Manuel L\u00f3pez Obrador atestigu\u00f3 junto al primer ministro de Belice, John Brice\u00f1o, la firma de la Carta de intenci\u00f3n en materia de cooperaci\u00f3n bilateral para la implementaci\u00f3n del programa Sembrando Vida en ese pa\u00eds.<\/strong><\/span><\/p>\n<blockquote>\n<p class=\"p1\"><span style=\"font-size: 14pt;\">Se apoyar\u00e1 en una primera etapa a dos mil productores que recibir\u00e1n un jornal para trabajar en sus propias parcelas sembrando \u00e1rboles frutales y maderables\u201d, subray\u00f3 el mandatario en un mensaje a medios de comunicaci\u00f3n desde la sede de la Canciller\u00eda, Laing Building.<\/span><\/p>\n<\/blockquote>\n<p>&nbsp;<\/p>\n<p><img data-recalc-dims=\"1\" loading=\"lazy\" decoding=\"async\" class=\"aligncenter wp-image-4954 size-large\" src=\"https:\/\/i0.wp.com\/politicosaldesnudo.com.mx\/wp-content\/uploads\/2022\/05\/P-BELICE3-1024x573.png?resize=800%2C448&#038;ssl=1\" alt=\"\" width=\"800\" height=\"448\" srcset=\"https:\/\/i0.wp.com\/politicosaldesnudo.com.mx\/wp-content\/uploads\/2022\/05\/P-BELICE3.png?resize=1024%2C573&amp;ssl=1 1024w, https:\/\/i0.wp.com\/politicosaldesnudo.com.mx\/wp-content\/uploads\/2022\/05\/P-BELICE3.png?resize=300%2C168&amp;ssl=1 300w, https:\/\/i0.wp.com\/politicosaldesnudo.com.mx\/wp-content\/uploads\/2022\/05\/P-BELICE3.png?resize=768%2C430&amp;ssl=1 768w, https:\/\/i0.wp.com\/politicosaldesnudo.com.mx\/wp-content\/uploads\/2022\/05\/P-BELICE3.png?resize=1536%2C859&amp;ssl=1 1536w, https:\/\/i0.wp.com\/politicosaldesnudo.com.mx\/wp-content\/uploads\/2022\/05\/P-BELICE3.png?w=1816&amp;ssl=1 1816w\" sizes=\"auto, (max-width: 800px) 100vw, 800px\" \/><\/p>\n<p>&nbsp;<\/p>\n<p class=\"p1\"><strong><span style=\"font-size: 18pt;\">La iniciativa, explic\u00f3, se ampliar\u00e1 gradualmente \u201cporque tiene un efecto multiplicador: da empleo, se obtienen ingresos y mantiene el arraigo a la tierra, a las comunidades y tambi\u00e9n contribuye a la reforestaci\u00f3n, a mejorar el ambiente\u201d<\/span><\/strong><\/p>\n<p>&nbsp;<\/p>\n<p class=\"p1\"><span style=\"font-size: 14pt;\">El mandatario dijo que se analiza la aplicaci\u00f3n de <strong>J\u00f3venes Construyendo el Futuro en Belice<\/strong>, con el objetivo de <strong>ofrecer oportunidades de empleo a mujeres y hombres de 18 a 29 a\u00f1os que deseen desempe\u00f1arse como aprendices en empresas<\/strong>, instituciones p\u00fablicas u organizaciones sociales.<\/span><\/p>\n<p class=\"p1\"><span style=\"font-size: 14pt;\">Durante el tercer d\u00eda de gira de trabajo por Centroam\u00e9rica y el Caribe, el jefe del Ejecutivo enfatiz\u00f3 en la necesidad de impulsar una integraci\u00f3n continental semejante a la Comunidad Econ\u00f3mica Europea, instancia que precedi\u00f3 a la Uni\u00f3n Europea.<\/span><\/p>\n<blockquote>\n<p class=\"p1\"><span style=\"font-size: 14pt;\">Permitir\u00eda potenciar en un gran mercado com\u00fan las capacidades de nuestra poblaci\u00f3n, nuestros recursos naturales, nuestras industrias, nuestras costas, el turismo y nuestros sistemas financieros, no solo con el prop\u00f3sito de figurar en el primer sitio como una regi\u00f3n pr\u00f3spera en el mundo, sino para dar bienestar y justicia a nuestras poblaciones\u201d, acot\u00f3.<\/span><\/p>\n<\/blockquote>\n<p>&nbsp;<\/p>\n<p class=\"p1\"><span style=\"font-size: 18pt;\"><strong>Tambi\u00e9n plante\u00f3 que la cooperaci\u00f3n multilateral ayudar\u00e1 a solucionar problem\u00e1ticas de la regi\u00f3n.<\/strong><\/span><\/p>\n<p>&nbsp;<\/p>\n<p><img data-recalc-dims=\"1\" loading=\"lazy\" decoding=\"async\" class=\"aligncenter wp-image-4953 size-large\" src=\"https:\/\/i0.wp.com\/politicosaldesnudo.com.mx\/wp-content\/uploads\/2022\/05\/P-BELICE2-1024x573.png?resize=800%2C448&#038;ssl=1\" alt=\"\" width=\"800\" height=\"448\" srcset=\"https:\/\/i0.wp.com\/politicosaldesnudo.com.mx\/wp-content\/uploads\/2022\/05\/P-BELICE2.png?resize=1024%2C573&amp;ssl=1 1024w, https:\/\/i0.wp.com\/politicosaldesnudo.com.mx\/wp-content\/uploads\/2022\/05\/P-BELICE2.png?resize=300%2C168&amp;ssl=1 300w, https:\/\/i0.wp.com\/politicosaldesnudo.com.mx\/wp-content\/uploads\/2022\/05\/P-BELICE2.png?resize=768%2C430&amp;ssl=1 768w, https:\/\/i0.wp.com\/politicosaldesnudo.com.mx\/wp-content\/uploads\/2022\/05\/P-BELICE2.png?resize=1536%2C859&amp;ssl=1 1536w, https:\/\/i0.wp.com\/politicosaldesnudo.com.mx\/wp-content\/uploads\/2022\/05\/P-BELICE2.png?w=1816&amp;ssl=1 1816w\" sizes=\"auto, (max-width: 800px) 100vw, 800px\" \/><\/p>\n<p>&nbsp;<\/p>\n<blockquote>\n<p class=\"p1\"><span style=\"font-size: 14pt;\">Enfrentar juntos complejos problemas comunes como el de la pobreza, la inseguridad y la delincuencia, las consecuentes oleadas migratorias, el cuidado del medio ambiente, el abasto energ\u00e9tico e incluso prepararnos en las cat\u00e1strofes causadas por fen\u00f3menos naturales\u201d, remarc\u00f3.<\/span><\/p>\n<\/blockquote>\n<p>&nbsp;<\/p>\n<p class=\"p1\"><strong><span style=\"font-size: 18pt;\">SUPRIMEN ARANCELES<span class=\"Apple-converted-space\">\u00a0<\/span><\/span><\/strong><\/p>\n<p class=\"p1\"><span style=\"font-size: 14pt;\">El mandatario anunci\u00f3 el acuerdo a trav\u00e9s del que<strong> M\u00e9xico suprime los aranceles a productos provenientes de Belice<\/strong>, lo que contribuir\u00e1 a <strong>fomentar el desarrollo econ\u00f3mico bilateral<\/strong>.<\/span><\/p>\n<blockquote>\n<p class=\"p1\"><span style=\"font-size: 14pt;\">Es decir, se va a poder exportar a M\u00e9xico desde Belice productos agr\u00edcolas, carne de res y otros alimentos b\u00e1sicos sin pago de impuesto. Se suspenden los aranceles vamos a llevar a la pr\u00e1ctica un aut\u00e9ntico, un verdadero libre comercio entre nuestras naciones\u201d, remarc\u00f3.<\/span><\/p>\n<\/blockquote>\n<p>&nbsp;<\/p>\n<p class=\"p1\"><span style=\"font-size: 18pt;\"><strong>El presidente L\u00f3pez Obrador reconoci\u00f3 al gobierno de Belice por la decisi\u00f3n de regularizar a m\u00e1s de 40 mil migrantes que viven y trabajan en su pa\u00eds.<\/strong><\/span><\/p>\n<p><img data-recalc-dims=\"1\" loading=\"lazy\" decoding=\"async\" class=\"aligncenter wp-image-4955 size-large\" src=\"https:\/\/i0.wp.com\/politicosaldesnudo.com.mx\/wp-content\/uploads\/2022\/05\/P-BELICE4-1024x573.png?resize=800%2C448&#038;ssl=1\" alt=\"\" width=\"800\" height=\"448\" srcset=\"https:\/\/i0.wp.com\/politicosaldesnudo.com.mx\/wp-content\/uploads\/2022\/05\/P-BELICE4.png?resize=1024%2C573&amp;ssl=1 1024w, https:\/\/i0.wp.com\/politicosaldesnudo.com.mx\/wp-content\/uploads\/2022\/05\/P-BELICE4.png?resize=300%2C168&amp;ssl=1 300w, https:\/\/i0.wp.com\/politicosaldesnudo.com.mx\/wp-content\/uploads\/2022\/05\/P-BELICE4.png?resize=768%2C430&amp;ssl=1 768w, https:\/\/i0.wp.com\/politicosaldesnudo.com.mx\/wp-content\/uploads\/2022\/05\/P-BELICE4.png?resize=1536%2C859&amp;ssl=1 1536w, https:\/\/i0.wp.com\/politicosaldesnudo.com.mx\/wp-content\/uploads\/2022\/05\/P-BELICE4.png?w=1816&amp;ssl=1 1816w\" sizes=\"auto, (max-width: 800px) 100vw, 800px\" \/><\/p>\n<p>&nbsp;<\/p>\n<blockquote>\n<p class=\"p1\"><span style=\"font-size: 14pt;\">Estamos hablando de una decisi\u00f3n hist\u00f3rica, pero sobre todo, de una dimensi\u00f3n humanista de primer orden. (\u2026) Esto es un ejemplo mundial de lo que debe ser la fraternidad universal\u201d, expres\u00f3.<\/span><\/p>\n<\/blockquote>\n<p>&nbsp;<\/p>\n<p class=\"p1\"><span style=\"font-size: 18pt;\"><strong>El primer ministro de Belice, John Brice\u00f1o, resalt\u00f3 la colaboraci\u00f3n del Gobierno de M\u00e9xico para revertir las condiciones de desigualdad.<\/strong><\/span><\/p>\n<p>&nbsp;<\/p>\n<p class=\"p1\"><span style=\"font-size: 14pt;\">Indic\u00f3 que los empleos generados a partir del programa<strong> Sembrando Vida ayudar\u00e1n a reducir la pobreza que increment\u00f3 casi 60 por ciento en Belice debido a la pandemia de Covid 19.<\/strong><\/span><\/p>\n<p class=\"p1\"><span style=\"font-size: 14pt;\">Agradeci\u00f3 las nuevas condiciones en materia de aranceles porque permitir\u00e1 una mayor venta de productos originarios del pa\u00eds.<\/span><\/p>\n<p>&nbsp;<\/p>\n<p><img data-recalc-dims=\"1\" loading=\"lazy\" decoding=\"async\" class=\"aligncenter wp-image-4956 size-large\" src=\"https:\/\/i0.wp.com\/politicosaldesnudo.com.mx\/wp-content\/uploads\/2022\/05\/07-05-2022-MENSAJE-DE-LOS-PRESIDENTES-DE-MEXICO-Y-EL-PRIMER-MINISTRO-DE-BELICE-FOTO-13-1024x683.jpeg?resize=800%2C534&#038;ssl=1\" alt=\"\" width=\"800\" height=\"534\" srcset=\"https:\/\/i0.wp.com\/politicosaldesnudo.com.mx\/wp-content\/uploads\/2022\/05\/07-05-2022-MENSAJE-DE-LOS-PRESIDENTES-DE-MEXICO-Y-EL-PRIMER-MINISTRO-DE-BELICE-FOTO-13.jpeg?resize=1024%2C683&amp;ssl=1 1024w, https:\/\/i0.wp.com\/politicosaldesnudo.com.mx\/wp-content\/uploads\/2022\/05\/07-05-2022-MENSAJE-DE-LOS-PRESIDENTES-DE-MEXICO-Y-EL-PRIMER-MINISTRO-DE-BELICE-FOTO-13.jpeg?resize=300%2C200&amp;ssl=1 300w, https:\/\/i0.wp.com\/politicosaldesnudo.com.mx\/wp-content\/uploads\/2022\/05\/07-05-2022-MENSAJE-DE-LOS-PRESIDENTES-DE-MEXICO-Y-EL-PRIMER-MINISTRO-DE-BELICE-FOTO-13.jpeg?resize=768%2C512&amp;ssl=1 768w, https:\/\/i0.wp.com\/politicosaldesnudo.com.mx\/wp-content\/uploads\/2022\/05\/07-05-2022-MENSAJE-DE-LOS-PRESIDENTES-DE-MEXICO-Y-EL-PRIMER-MINISTRO-DE-BELICE-FOTO-13.jpeg?w=1500&amp;ssl=1 1500w\" sizes=\"auto, (max-width: 800px) 100vw, 800px\" \/><\/p>\n<p>&nbsp;<\/p>\n<p>&nbsp;<\/p>\n<p>&nbsp;<\/p>\n<p>&nbsp;<\/p>\n","protected":false},"excerpt":{"rendered":"<p>Belice. El presidente Andr\u00e9s Manuel L\u00f3pez Obrador atestigu\u00f3 junto al primer ministro de Belice, John Brice\u00f1o, la firma de la [&hellip;]<\/p>\n","protected":false},"author":4,"featured_media":4952,"comment_status":"closed","ping_status":"closed","sticky":false,"template":"","format":"standard","meta":{"site-sidebar-layout":"default","site-content-layout":"","ast-site-content-layout":"default","site-content-style":"default","site-sidebar-style":"default","ast-global-header-display":"","ast-banner-title-visibility":"","ast-main-header-display":"","ast-hfb-above-header-display":"","ast-hfb-below-header-display":"","ast-hfb-mobile-header-display":"","site-post-title":"","ast-breadcrumbs-content":"","ast-featured-img":"","footer-sml-layout":"","ast-disable-related-posts":"","theme-transparent-header-meta":"","adv-header-id-meta":"","stick-header-meta":"","header-above-stick-meta":"","header-main-stick-meta":"","header-below-stick-meta":"","astra-migrate-meta-layouts":"default","ast-page-background-enabled":"default","ast-page-background-meta":{"desktop":{"background-color":"var(--ast-global-color-5)","background-image":"","background-repeat":"repeat","background-position":"center center","background-size":"auto","background-attachment":"scroll","background-type":"","background-media":"","overlay-type":"","overlay-color":"","overlay-opacity":"","overlay-gradient":""},"tablet":{"background-color":"","background-image":"","background-repeat":"repeat","background-position":"center center","background-size":"auto","background-attachment":"scroll","background-type":"","background-media":"","overlay-type":"","overlay-color":"","overlay-opacity":"","overlay-gradient":""},"mobile":{"background-color":"","background-image":"","background-repeat":"repeat","background-position":"center center","background-size":"auto","background-attachment":"scroll","background-type":"","background-media":"","overlay-type":"","overlay-color":"","overlay-opacity":"","overlay-gradient":""}},"ast-content-background-meta":{"desktop":{"background-color":"var(--ast-global-color-4)","background-image":"","background-repeat":"repeat","background-position":"center center","background-size":"auto","background-attachment":"scroll","background-type":"","background-media":"","overlay-type":"","overlay-color":"","overlay-opacity":"","overlay-gradient":""},"tablet":{"background-color":"var(--ast-global-color-4)","background-image":"","background-repeat":"repeat","background-position":"center center","background-size":"auto","background-attachment":"scroll","background-type":"","background-media":"","overlay-type":"","overlay-color":"","overlay-opacity":"","overlay-gradient":""},"mobile":{"background-color":"var(--ast-global-color-4)","background-image":"","background-repeat":"repeat","background-position":"center center","background-size":"auto","background-attachment":"scroll","background-type":"","background-media":"","overlay-type":"","overlay-color":"","overlay-opacity":"","overlay-gradient":""}},"_jetpack_newsletter_access":"","_jetpack_dont_email_post_to_subs":false,"_jetpack_newsletter_tier_id":0,"_jetpack_memberships_contains_paywalled_content":false,"_jetpack_feature_clip_id":0,"_jetpack_memberships_contains_paid_content":false,"footnotes":"","jetpack_publicize_message":"","jetpack_publicize_feature_enabled":true,"jetpack_social_post_already_shared":true,"jetpack_social_options":{"image_generator_settings":{"template":"highway","default_image_id":0,"font":"","enabled":false},"version":2},"jetpack_post_was_ever_published":false},"categories":[33],"tags":[95,664,663,665,481,660],"class_list":["post-4950","post","type-post","status-publish","format-standard","has-post-thumbnail","hentry","category-nacional","tag-andres-manuel-lopez-obrador","tag-aranceles","tag-belice","tag-john-briceno","tag-migracion","tag-sembrando-vidas"],"yoast_head":"<!-- This site is optimized with the Yoast SEO plugin v28.3 - https:\/\/yoast.com\/product\/yoast-seo-wordpress\/ -->\n<title>Firman acuerdo, Sembrando Vida llega a Belice - Pol\u00edticos al Desnudo<\/title>\n<meta name=\"robots\" content=\"index, follow, max-snippet:-1, max-image-preview:large, max-video-preview:-1\" \/>\n<link rel=\"canonical\" href=\"https:\/\/politicosaldesnudo.com.mx\/index.php\/2022\/05\/07\/firman-acuerdo-mexico-belice-sembrando-vida-se-implementara-en-belice\/\" \/>\n<meta property=\"og:locale\" content=\"es_ES\" \/>\n<meta property=\"og:type\" content=\"article\" \/>\n<meta property=\"og:title\" content=\"Firman acuerdo, Sembrando Vida llega a Belice - Pol\u00edticos al Desnudo\" \/>\n<meta property=\"og:description\" content=\"Belice. El presidente Andr\u00e9s Manuel L\u00f3pez Obrador atestigu\u00f3 junto al primer ministro de Belice, John Brice\u00f1o, la firma de la [&hellip;]\" \/>\n<meta property=\"og:url\" content=\"https:\/\/politicosaldesnudo.com.mx\/index.php\/2022\/05\/07\/firman-acuerdo-mexico-belice-sembrando-vida-se-implementara-en-belice\/\" \/>\n<meta property=\"og:site_name\" content=\"Pol\u00edticos al Desnudo\" \/>\n<meta property=\"article:publisher\" content=\"https:\/\/www.facebook.com\/PoliticosAD\" \/>\n<meta property=\"article:published_time\" content=\"2022-05-08T02:14:04+00:00\" \/>\n<meta property=\"article:modified_time\" content=\"2022-05-08T02:41:04+00:00\" \/>\n<meta property=\"og:image\" content=\"https:\/\/i0.wp.com\/politicosaldesnudo.com.mx\/wp-content\/uploads\/2022\/05\/P-BELICE1.png?fit=1816%2C1016&ssl=1\" \/>\n\t<meta property=\"og:image:width\" content=\"1816\" \/>\n\t<meta property=\"og:image:height\" content=\"1016\" \/>\n\t<meta property=\"og:image:type\" content=\"image\/png\" \/>\n<meta name=\"author\" content=\"Redacci\u00f3n Pol\u00edticos\" \/>\n<meta name=\"twitter:card\" content=\"summary_large_image\" \/>\n<meta name=\"twitter:label1\" content=\"Escrito por\" \/>\n\t<meta name=\"twitter:data1\" content=\"Redacci\u00f3n Pol\u00edticos\" \/>\n\t<meta name=\"twitter:label2\" content=\"Tiempo de lectura\" \/>\n\t<meta name=\"twitter:data2\" content=\"3 minutos\" \/>\n<script type=\"application\/ld+json\" class=\"yoast-schema-graph\">{\"@context\":\"https:\\\/\\\/schema.org\",\"@graph\":[{\"@type\":\"Article\",\"@id\":\"https:\\\/\\\/politicosaldesnudo.com.mx\\\/index.php\\\/2022\\\/05\\\/07\\\/firman-acuerdo-mexico-belice-sembrando-vida-se-implementara-en-belice\\\/#article\",\"isPartOf\":{\"@id\":\"https:\\\/\\\/politicosaldesnudo.com.mx\\\/index.php\\\/2022\\\/05\\\/07\\\/firman-acuerdo-mexico-belice-sembrando-vida-se-implementara-en-belice\\\/\"},\"author\":{\"name\":\"Redacci\u00f3n Pol\u00edticos\",\"@id\":\"https:\\\/\\\/politicosaldesnudo.com.mx\\\/#\\\/schema\\\/person\\\/ef3a64e561cc3f3f5dc52fab81adde7e\"},\"headline\":\"Firman acuerdo, Sembrando Vida llega a Belice\",\"datePublished\":\"2022-05-08T02:14:04+00:00\",\"dateModified\":\"2022-05-08T02:41:04+00:00\",\"mainEntityOfPage\":{\"@id\":\"https:\\\/\\\/politicosaldesnudo.com.mx\\\/index.php\\\/2022\\\/05\\\/07\\\/firman-acuerdo-mexico-belice-sembrando-vida-se-implementara-en-belice\\\/\"},\"wordCount\":576,\"publisher\":{\"@id\":\"https:\\\/\\\/politicosaldesnudo.com.mx\\\/#organization\"},\"image\":{\"@id\":\"https:\\\/\\\/politicosaldesnudo.com.mx\\\/index.php\\\/2022\\\/05\\\/07\\\/firman-acuerdo-mexico-belice-sembrando-vida-se-implementara-en-belice\\\/#primaryimage\"},\"thumbnailUrl\":\"https:\\\/\\\/i0.wp.com\\\/politicosaldesnudo.com.mx\\\/wp-content\\\/uploads\\\/2022\\\/05\\\/P-BELICE1.png?fit=1816%2C1016&ssl=1\",\"keywords\":[\"ANDR\u00c9S MANUEL L\u00d3PEZ OBRADOR\",\"ARANCELES\",\"BELICE\",\"JOHN BRICE\u00d1O\",\"MIGRACI\u00d3N\",\"SEMBRANDO VIDAS\"],\"articleSection\":[\"NACIONAL\"],\"inLanguage\":\"es\"},{\"@type\":\"WebPage\",\"@id\":\"https:\\\/\\\/politicosaldesnudo.com.mx\\\/index.php\\\/2022\\\/05\\\/07\\\/firman-acuerdo-mexico-belice-sembrando-vida-se-implementara-en-belice\\\/\",\"url\":\"https:\\\/\\\/politicosaldesnudo.com.mx\\\/index.php\\\/2022\\\/05\\\/07\\\/firman-acuerdo-mexico-belice-sembrando-vida-se-implementara-en-belice\\\/\",\"name\":\"Firman acuerdo, Sembrando Vida llega a Belice - Pol\u00edticos al Desnudo\",\"isPartOf\":{\"@id\":\"https:\\\/\\\/politicosaldesnudo.com.mx\\\/#website\"},\"primaryImageOfPage\":{\"@id\":\"https:\\\/\\\/politicosaldesnudo.com.mx\\\/index.php\\\/2022\\\/05\\\/07\\\/firman-acuerdo-mexico-belice-sembrando-vida-se-implementara-en-belice\\\/#primaryimage\"},\"image\":{\"@id\":\"https:\\\/\\\/politicosaldesnudo.com.mx\\\/index.php\\\/2022\\\/05\\\/07\\\/firman-acuerdo-mexico-belice-sembrando-vida-se-implementara-en-belice\\\/#primaryimage\"},\"thumbnailUrl\":\"https:\\\/\\\/i0.wp.com\\\/politicosaldesnudo.com.mx\\\/wp-content\\\/uploads\\\/2022\\\/05\\\/P-BELICE1.png?fit=1816%2C1016&ssl=1\",\"datePublished\":\"2022-05-08T02:14:04+00:00\",\"dateModified\":\"2022-05-08T02:41:04+00:00\",\"breadcrumb\":{\"@id\":\"https:\\\/\\\/politicosaldesnudo.com.mx\\\/index.php\\\/2022\\\/05\\\/07\\\/firman-acuerdo-mexico-belice-sembrando-vida-se-implementara-en-belice\\\/#breadcrumb\"},\"inLanguage\":\"es\",\"potentialAction\":[{\"@type\":\"ReadAction\",\"target\":[\"https:\\\/\\\/politicosaldesnudo.com.mx\\\/index.php\\\/2022\\\/05\\\/07\\\/firman-acuerdo-mexico-belice-sembrando-vida-se-implementara-en-belice\\\/\"]}]},{\"@type\":\"ImageObject\",\"inLanguage\":\"es\",\"@id\":\"https:\\\/\\\/politicosaldesnudo.com.mx\\\/index.php\\\/2022\\\/05\\\/07\\\/firman-acuerdo-mexico-belice-sembrando-vida-se-implementara-en-belice\\\/#primaryimage\",\"url\":\"https:\\\/\\\/i0.wp.com\\\/politicosaldesnudo.com.mx\\\/wp-content\\\/uploads\\\/2022\\\/05\\\/P-BELICE1.png?fit=1816%2C1016&ssl=1\",\"contentUrl\":\"https:\\\/\\\/i0.wp.com\\\/politicosaldesnudo.com.mx\\\/wp-content\\\/uploads\\\/2022\\\/05\\\/P-BELICE1.png?fit=1816%2C1016&ssl=1\",\"width\":1816,\"height\":1016},{\"@type\":\"BreadcrumbList\",\"@id\":\"https:\\\/\\\/politicosaldesnudo.com.mx\\\/index.php\\\/2022\\\/05\\\/07\\\/firman-acuerdo-mexico-belice-sembrando-vida-se-implementara-en-belice\\\/#breadcrumb\",\"itemListElement\":[{\"@type\":\"ListItem\",\"position\":1,\"name\":\"Portada\",\"item\":\"https:\\\/\\\/politicosaldesnudo.com.mx\\\/\"},{\"@type\":\"ListItem\",\"position\":2,\"name\":\"Firman acuerdo, Sembrando Vida llega a Belice\"}]},{\"@type\":\"WebSite\",\"@id\":\"https:\\\/\\\/politicosaldesnudo.com.mx\\\/#website\",\"url\":\"https:\\\/\\\/politicosaldesnudo.com.mx\\\/\",\"name\":\"Pol\u00edticos al Desnudo\",\"description\":\"\",\"publisher\":{\"@id\":\"https:\\\/\\\/politicosaldesnudo.com.mx\\\/#organization\"},\"potentialAction\":[{\"@type\":\"SearchAction\",\"target\":{\"@type\":\"EntryPoint\",\"urlTemplate\":\"https:\\\/\\\/politicosaldesnudo.com.mx\\\/?s={search_term_string}\"},\"query-input\":{\"@type\":\"PropertyValueSpecification\",\"valueRequired\":true,\"valueName\":\"search_term_string\"}}],\"inLanguage\":\"es\"},{\"@type\":\"Organization\",\"@id\":\"https:\\\/\\\/politicosaldesnudo.com.mx\\\/#organization\",\"name\":\"Pol\u00edticos al Desnudo\",\"url\":\"https:\\\/\\\/politicosaldesnudo.com.mx\\\/\",\"logo\":{\"@type\":\"ImageObject\",\"inLanguage\":\"es\",\"@id\":\"https:\\\/\\\/politicosaldesnudo.com.mx\\\/#\\\/schema\\\/logo\\\/image\\\/\",\"url\":\"https:\\\/\\\/i0.wp.com\\\/politicosaldesnudo.com.mx\\\/wp-content\\\/uploads\\\/2026\\\/08\\\/cropped-logo.webp?fit=400%2C126&ssl=1\",\"contentUrl\":\"https:\\\/\\\/i0.wp.com\\\/politicosaldesnudo.com.mx\\\/wp-content\\\/uploads\\\/2026\\\/08\\\/cropped-logo.webp?fit=400%2C126&ssl=1\",\"width\":400,\"height\":126,\"caption\":\"Pol\u00edticos al Desnudo\"},\"image\":{\"@id\":\"https:\\\/\\\/politicosaldesnudo.com.mx\\\/#\\\/schema\\\/logo\\\/image\\\/\"},\"sameAs\":[\"https:\\\/\\\/www.facebook.com\\\/PoliticosAD\"]},{\"@type\":\"Person\",\"@id\":\"https:\\\/\\\/politicosaldesnudo.com.mx\\\/#\\\/schema\\\/person\\\/ef3a64e561cc3f3f5dc52fab81adde7e\",\"name\":\"Redacci\u00f3n Pol\u00edticos\",\"url\":\"https:\\\/\\\/politicosaldesnudo.com.mx\\\/index.php\\\/author\\\/redaccion-politicos\\\/\"}]}<\/script>\n<!-- \/ Yoast SEO plugin. -->","yoast_head_json":{"title":"Firman acuerdo, Sembrando Vida llega a Belice - Pol\u00edticos al Desnudo","robots":{"index":"index","follow":"follow","max-snippet":"max-snippet:-1","max-image-preview":"max-image-preview:large","max-video-preview":"max-video-preview:-1"},"canonical":"https:\/\/politicosaldesnudo.com.mx\/index.php\/2022\/05\/07\/firman-acuerdo-mexico-belice-sembrando-vida-se-implementara-en-belice\/","og_locale":"es_ES","og_type":"article","og_title":"Firman acuerdo, Sembrando Vida llega a Belice - Pol\u00edticos al Desnudo","og_description":"Belice. El presidente Andr\u00e9s Manuel L\u00f3pez Obrador atestigu\u00f3 junto al primer ministro de Belice, John Brice\u00f1o, la firma de la [&hellip;]","og_url":"https:\/\/politicosaldesnudo.com.mx\/index.php\/2022\/05\/07\/firman-acuerdo-mexico-belice-sembrando-vida-se-implementara-en-belice\/","og_site_name":"Pol\u00edticos al Desnudo","article_publisher":"https:\/\/www.facebook.com\/PoliticosAD","article_published_time":"2022-05-08T02:14:04+00:00","article_modified_time":"2022-05-08T02:41:04+00:00","og_image":[{"width":1816,"height":1016,"url":"https:\/\/i0.wp.com\/politicosaldesnudo.com.mx\/wp-content\/uploads\/2022\/05\/P-BELICE1.png?fit=1816%2C1016&ssl=1","type":"image\/png"}],"author":"Redacci\u00f3n Pol\u00edticos","twitter_card":"summary_large_image","twitter_misc":{"Escrito por":"Redacci\u00f3n Pol\u00edticos","Tiempo de lectura":"3 minutos"},"schema":{"@context":"https:\/\/schema.org","@graph":[{"@type":"Article","@id":"https:\/\/politicosaldesnudo.com.mx\/index.php\/2022\/05\/07\/firman-acuerdo-mexico-belice-sembrando-vida-se-implementara-en-belice\/#article","isPartOf":{"@id":"https:\/\/politicosaldesnudo.com.mx\/index.php\/2022\/05\/07\/firman-acuerdo-mexico-belice-sembrando-vida-se-implementara-en-belice\/"},"author":{"name":"Redacci\u00f3n Pol\u00edticos","@id":"https:\/\/politicosaldesnudo.com.mx\/#\/schema\/person\/ef3a64e561cc3f3f5dc52fab81adde7e"},"headline":"Firman acuerdo, Sembrando Vida llega a Belice","datePublished":"2022-05-08T02:14:04+00:00","dateModified":"2022-05-08T02:41:04+00:00","mainEntityOfPage":{"@id":"https:\/\/politicosaldesnudo.com.mx\/index.php\/2022\/05\/07\/firman-acuerdo-mexico-belice-sembrando-vida-se-implementara-en-belice\/"},"wordCount":576,"publisher":{"@id":"https:\/\/politicosaldesnudo.com.mx\/#organization"},"image":{"@id":"https:\/\/politicosaldesnudo.com.mx\/index.php\/2022\/05\/07\/firman-acuerdo-mexico-belice-sembrando-vida-se-implementara-en-belice\/#primaryimage"},"thumbnailUrl":"https:\/\/i0.wp.com\/politicosaldesnudo.com.mx\/wp-content\/uploads\/2022\/05\/P-BELICE1.png?fit=1816%2C1016&ssl=1","keywords":["ANDR\u00c9S MANUEL L\u00d3PEZ OBRADOR","ARANCELES","BELICE","JOHN BRICE\u00d1O","MIGRACI\u00d3N","SEMBRANDO VIDAS"],"articleSection":["NACIONAL"],"inLanguage":"es"},{"@type":"WebPage","@id":"https:\/\/politicosaldesnudo.com.mx\/index.php\/2022\/05\/07\/firman-acuerdo-mexico-belice-sembrando-vida-se-implementara-en-belice\/","url":"https:\/\/politicosaldesnudo.com.mx\/index.php\/2022\/05\/07\/firman-acuerdo-mexico-belice-sembrando-vida-se-implementara-en-belice\/","name":"Firman acuerdo, Sembrando Vida llega a Belice - Pol\u00edticos al Desnudo","isPartOf":{"@id":"https:\/\/politicosaldesnudo.com.mx\/#website"},"primaryImageOfPage":{"@id":"https:\/\/politicosaldesnudo.com.mx\/index.php\/2022\/05\/07\/firman-acuerdo-mexico-belice-sembrando-vida-se-implementara-en-belice\/#primaryimage"},"image":{"@id":"https:\/\/politicosaldesnudo.com.mx\/index.php\/2022\/05\/07\/firman-acuerdo-mexico-belice-sembrando-vida-se-implementara-en-belice\/#primaryimage"},"thumbnailUrl":"https:\/\/i0.wp.com\/politicosaldesnudo.com.mx\/wp-content\/uploads\/2022\/05\/P-BELICE1.png?fit=1816%2C1016&ssl=1","datePublished":"2022-05-08T02:14:04+00:00","dateModified":"2022-05-08T02:41:04+00:00","breadcrumb":{"@id":"https:\/\/politicosaldesnudo.com.mx\/index.php\/2022\/05\/07\/firman-acuerdo-mexico-belice-sembrando-vida-se-implementara-en-belice\/#breadcrumb"},"inLanguage":"es","potentialAction":[{"@type":"ReadAction","target":["https:\/\/politicosaldesnudo.com.mx\/index.php\/2022\/05\/07\/firman-acuerdo-mexico-belice-sembrando-vida-se-implementara-en-belice\/"]}]},{"@type":"ImageObject","inLanguage":"es","@id":"https:\/\/politicosaldesnudo.com.mx\/index.php\/2022\/05\/07\/firman-acuerdo-mexico-belice-sembrando-vida-se-implementara-en-belice\/#primaryimage","url":"https:\/\/i0.wp.com\/politicosaldesnudo.com.mx\/wp-content\/uploads\/2022\/05\/P-BELICE1.png?fit=1816%2C1016&ssl=1","contentUrl":"https:\/\/i0.wp.com\/politicosaldesnudo.com.mx\/wp-content\/uploads\/2022\/05\/P-BELICE1.png?fit=1816%2C1016&ssl=1","width":1816,"height":1016},{"@type":"BreadcrumbList","@id":"https:\/\/politicosaldesnudo.com.mx\/index.php\/2022\/05\/07\/firman-acuerdo-mexico-belice-sembrando-vida-se-implementara-en-belice\/#breadcrumb","itemListElement":[{"@type":"ListItem","position":1,"name":"Portada","item":"https:\/\/politicosaldesnudo.com.mx\/"},{"@type":"ListItem","position":2,"name":"Firman acuerdo, Sembrando Vida llega a Belice"}]},{"@type":"WebSite","@id":"https:\/\/politicosaldesnudo.com.mx\/#website","url":"https:\/\/politicosaldesnudo.com.mx\/","name":"Pol\u00edticos al Desnudo","description":"","publisher":{"@id":"https:\/\/politicosaldesnudo.com.mx\/#organization"},"potentialAction":[{"@type":"SearchAction","target":{"@type":"EntryPoint","urlTemplate":"https:\/\/politicosaldesnudo.com.mx\/?s={search_term_string}"},"query-input":{"@type":"PropertyValueSpecification","valueRequired":true,"valueName":"search_term_string"}}],"inLanguage":"es"},{"@type":"Organization","@id":"https:\/\/politicosaldesnudo.com.mx\/#organization","name":"Pol\u00edticos al Desnudo","url":"https:\/\/politicosaldesnudo.com.mx\/","logo":{"@type":"ImageObject","inLanguage":"es","@id":"https:\/\/politicosaldesnudo.com.mx\/#\/schema\/logo\/image\/","url":"https:\/\/i0.wp.com\/politicosaldesnudo.com.mx\/wp-content\/uploads\/2026\/08\/cropped-logo.webp?fit=400%2C126&ssl=1","contentUrl":"https:\/\/i0.wp.com\/politicosaldesnudo.com.mx\/wp-content\/uploads\/2026\/08\/cropped-logo.webp?fit=400%2C126&ssl=1","width":400,"height":126,"caption":"Pol\u00edticos al Desnudo"},"image":{"@id":"https:\/\/politicosaldesnudo.com.mx\/#\/schema\/logo\/image\/"},"sameAs":["https:\/\/www.facebook.com\/PoliticosAD"]},{"@type":"Person","@id":"https:\/\/politicosaldesnudo.com.mx\/#\/schema\/person\/ef3a64e561cc3f3f5dc52fab81adde7e","name":"Redacci\u00f3n Pol\u00edticos","url":"https:\/\/politicosaldesnudo.com.mx\/index.php\/author\/redaccion-politicos\/"}]}},"jetpack_publicize_connections":[],"jetpack-related-posts":[{"id":88250,"url":"https:\/\/politicosaldesnudo.com.mx\/index.php\/2026\/09\/01\/familiares-de-lopez-obrador-ocupan-cargos-en-el-gobierno-de-veracruz-ahued-descarta-irregularidades\/","url_meta":{"origin":4950,"position":0},"title":"Familiares de L\u00f3pez Obrador ocupan cargos en el Gobierno de Veracruz; Ahued descarta irregularidades","author":"Redacci\u00f3n Pol\u00edticos","date":"1 de septiembre de 2026","format":false,"excerpt":"Tres sobrinos del expresidente Andr\u00e9s Manuel L\u00f3pez Obrador y el esposo de una de ellos forman parte de la administraci\u00f3n p\u00fablica de Veracruz, confirm\u00f3 el secretario de Gobierno estatal, Ricardo Ahued Bardahuil. Se trata de los hijos de Arturo L\u00f3pez Obrador, hermano del exmandatario federal, quienes desempe\u00f1an diferentes responsabilidades dentro\u2026","rel":"","context":"En \u00abESTADOS\u00bb","block_context":{"text":"ESTADOS","link":"https:\/\/politicosaldesnudo.com.mx\/index.php\/category\/estados\/"},"img":{"alt_text":"","src":"https:\/\/i0.wp.com\/politicosaldesnudo.com.mx\/wp-content\/uploads\/2026\/09\/ChatGPT-Image-2-sept-2026-00_30_01.png?fit=1200%2C675&ssl=1&resize=350%2C200","width":350,"height":200,"srcset":"https:\/\/i0.wp.com\/politicosaldesnudo.com.mx\/wp-content\/uploads\/2026\/09\/ChatGPT-Image-2-sept-2026-00_30_01.png?fit=1200%2C675&ssl=1&resize=350%2C200 1x, https:\/\/i0.wp.com\/politicosaldesnudo.com.mx\/wp-content\/uploads\/2026\/09\/ChatGPT-Image-2-sept-2026-00_30_01.png?fit=1200%2C675&ssl=1&resize=525%2C300 1.5x, https:\/\/i0.wp.com\/politicosaldesnudo.com.mx\/wp-content\/uploads\/2026\/09\/ChatGPT-Image-2-sept-2026-00_30_01.png?fit=1200%2C675&ssl=1&resize=700%2C400 2x, https:\/\/i0.wp.com\/politicosaldesnudo.com.mx\/wp-content\/uploads\/2026\/09\/ChatGPT-Image-2-sept-2026-00_30_01.png?fit=1200%2C675&ssl=1&resize=1050%2C600 3x"},"classes":[]},{"id":88025,"url":"https:\/\/politicosaldesnudo.com.mx\/index.php\/2026\/08\/24\/lopez-obrador-presiona-menos-y-defiende-a-andy\/","url_meta":{"origin":4950,"position":1},"title":"L\u00f3pez Obrador presiona menos y defiende a &#8216;Andy&#8217;","author":"Redacci\u00f3n Pol\u00edticos","date":"24 de agosto de 2026","format":false,"excerpt":"TEL\u00c9FONO ROJO Por Jos\u00e9 Ure\u00f1a La oportunidad la perciben los claudistas. La din\u00e1mica actual, con la visa de\u00a0Andr\u00e9s Manuel L\u00f3pez Beltr\u00e1n\u00a0como esc\u00e1ndalo central, abre espacios de libertad operativa al gobierno. Palacio Nacional, por no decir todo el y los gobiernos y el activismo partidista, est\u00e1 dedicado a defender al j\u00fanior\u2026","rel":"","context":"En \u00abOPINI\u00d3N\u00bb","block_context":{"text":"OPINI\u00d3N","link":"https:\/\/politicosaldesnudo.com.mx\/index.php\/category\/columnistas\/"},"img":{"alt_text":"","src":"https:\/\/i0.wp.com\/politicosaldesnudo.com.mx\/wp-content\/uploads\/2026\/08\/tel-rojo-2408-scaled.png?fit=1200%2C659&ssl=1&resize=350%2C200","width":350,"height":200,"srcset":"https:\/\/i0.wp.com\/politicosaldesnudo.com.mx\/wp-content\/uploads\/2026\/08\/tel-rojo-2408-scaled.png?fit=1200%2C659&ssl=1&resize=350%2C200 1x, https:\/\/i0.wp.com\/politicosaldesnudo.com.mx\/wp-content\/uploads\/2026\/08\/tel-rojo-2408-scaled.png?fit=1200%2C659&ssl=1&resize=525%2C300 1.5x, https:\/\/i0.wp.com\/politicosaldesnudo.com.mx\/wp-content\/uploads\/2026\/08\/tel-rojo-2408-scaled.png?fit=1200%2C659&ssl=1&resize=700%2C400 2x, https:\/\/i0.wp.com\/politicosaldesnudo.com.mx\/wp-content\/uploads\/2026\/08\/tel-rojo-2408-scaled.png?fit=1200%2C659&ssl=1&resize=1050%2C600 3x"},"classes":[]},{"id":34134,"url":"https:\/\/politicosaldesnudo.com.mx\/index.php\/2024\/03\/25\/sin-solucion-de-raiz-la-migracion-seguira\/","url_meta":{"origin":4950,"position":2},"title":"Sin soluci\u00f3n de ra\u00edz, la migraci\u00f3n seguir\u00e1","author":"Redacci\u00f3n Pol\u00edticos","date":"25 de marzo de 2024","format":false,"excerpt":"En una entrevista con el programa estadunidense \u201860 Minutos\u2019 de CBS News, el presidente Andr\u00e9s Manuel L\u00f3pez Obrador afirm\u00f3 que si el problema de la migraci\u00f3n no se enfrenta de ra\u00edz y no se aplican sus propuestas de soluci\u00f3n, como realizar una inversi\u00f3n de 20 mil millones de d\u00f3lares en\u2026","rel":"","context":"En \u00abNACIONAL\u00bb","block_context":{"text":"NACIONAL","link":"https:\/\/politicosaldesnudo.com.mx\/index.php\/category\/nacional\/"},"img":{"alt_text":"","src":"https:\/\/i0.wp.com\/politicosaldesnudo.com.mx\/wp-content\/uploads\/2024\/03\/127283324_4317b55d-baea-47f8-b710-166d31efb5c7.jpg?fit=640%2C360&ssl=1&resize=350%2C200","width":350,"height":200,"srcset":"https:\/\/i0.wp.com\/politicosaldesnudo.com.mx\/wp-content\/uploads\/2024\/03\/127283324_4317b55d-baea-47f8-b710-166d31efb5c7.jpg?fit=640%2C360&ssl=1&resize=350%2C200 1x, https:\/\/i0.wp.com\/politicosaldesnudo.com.mx\/wp-content\/uploads\/2024\/03\/127283324_4317b55d-baea-47f8-b710-166d31efb5c7.jpg?fit=640%2C360&ssl=1&resize=525%2C300 1.5x"},"classes":[]},{"id":6158,"url":"https:\/\/politicosaldesnudo.com.mx\/index.php\/2022\/06\/04\/recupera-inah-objetos-rituales-del-pueblo-yaqui-ubicados-en-suecia\/","url_meta":{"origin":4950,"position":3},"title":"Recupera INAH objetos rituales del pueblo Yaqui ubicados en Suecia","author":"Redacci\u00f3n Pol\u00edticos","date":"4 de junio de 2022","format":false,"excerpt":"\u00a0 Suecia. 24 objetos rituales \u201cMaaso Koba\u201d del pueblo yaqui de Sonora que se encontraban en el Museo de la Cultura del Mundo de Gotemburgo, Suecia fueron entregadas a M\u00e9xico, inform\u00f3 el Instituto Nacional de Antropolog\u00eda e Historia (INAH). En Estocolmo, Suecia, se realiz\u00f3 la entrega de la colecci\u00f3n, misma\u2026","rel":"","context":"En \u00abCULTURA\u00bb","block_context":{"text":"CULTURA","link":"https:\/\/politicosaldesnudo.com.mx\/index.php\/category\/cultura\/"},"img":{"alt_text":"","src":"https:\/\/i0.wp.com\/politicosaldesnudo.com.mx\/wp-content\/uploads\/2022\/06\/P-INAH.png?fit=1200%2C671&ssl=1&resize=350%2C200","width":350,"height":200,"srcset":"https:\/\/i0.wp.com\/politicosaldesnudo.com.mx\/wp-content\/uploads\/2022\/06\/P-INAH.png?fit=1200%2C671&ssl=1&resize=350%2C200 1x, https:\/\/i0.wp.com\/politicosaldesnudo.com.mx\/wp-content\/uploads\/2022\/06\/P-INAH.png?fit=1200%2C671&ssl=1&resize=525%2C300 1.5x, https:\/\/i0.wp.com\/politicosaldesnudo.com.mx\/wp-content\/uploads\/2022\/06\/P-INAH.png?fit=1200%2C671&ssl=1&resize=700%2C400 2x, https:\/\/i0.wp.com\/politicosaldesnudo.com.mx\/wp-content\/uploads\/2022\/06\/P-INAH.png?fit=1200%2C671&ssl=1&resize=1050%2C600 3x"},"classes":[]},{"id":87686,"url":"https:\/\/politicosaldesnudo.com.mx\/index.php\/2026\/08\/12\/notas-al-viento\/","url_meta":{"origin":4950,"position":4},"title":"Notas al viento","author":"Redacci\u00f3n Pol\u00edticos","date":"12 de agosto de 2026","format":false,"excerpt":"Por: Lic. Alberto Woolrich Ortiz. Son muchos los que piensan y dicen que el Movimiento de Regeneraci\u00f3n Nacional en la actualidad se encuentra relacionado con las malas pr\u00e1cticas de la ciencia pol\u00edtica y, a menudo a los seguidores se les considera ingenuos, cuando menos, por ser c\u00e1ndidos al considerar que\u2026","rel":"","context":"En \u00abOPINI\u00d3N\u00bb","block_context":{"text":"OPINI\u00d3N","link":"https:\/\/politicosaldesnudo.com.mx\/index.php\/category\/columnistas\/"},"img":{"alt_text":"","src":"https:\/\/i0.wp.com\/politicosaldesnudo.com.mx\/wp-content\/uploads\/2026\/08\/WOOLRICH-120826.png?fit=1200%2C658&ssl=1&resize=350%2C200","width":350,"height":200,"srcset":"https:\/\/i0.wp.com\/politicosaldesnudo.com.mx\/wp-content\/uploads\/2026\/08\/WOOLRICH-120826.png?fit=1200%2C658&ssl=1&resize=350%2C200 1x, https:\/\/i0.wp.com\/politicosaldesnudo.com.mx\/wp-content\/uploads\/2026\/08\/WOOLRICH-120826.png?fit=1200%2C658&ssl=1&resize=525%2C300 1.5x, https:\/\/i0.wp.com\/politicosaldesnudo.com.mx\/wp-content\/uploads\/2026\/08\/WOOLRICH-120826.png?fit=1200%2C658&ssl=1&resize=700%2C400 2x, https:\/\/i0.wp.com\/politicosaldesnudo.com.mx\/wp-content\/uploads\/2026\/08\/WOOLRICH-120826.png?fit=1200%2C658&ssl=1&resize=1050%2C600 3x"},"classes":[]},{"id":88195,"url":"https:\/\/politicosaldesnudo.com.mx\/index.php\/2026\/08\/31\/el-blindaje-legislativo-de-amlo-blindar-a-la-presidenta-y-el-juego-de-sombras-del-poder-real\/","url_meta":{"origin":4950,"position":5},"title":"El Blindaje Legislativo de AMLO: Blindar a la presidenta y el Juego de Sombras del Poder Real","author":"Redacci\u00f3n Pol\u00edticos","date":"31 de agosto de 2026","format":false,"excerpt":"Una Opini\u00f3n Alternativa Por Carlos O. Silva Bandala Bicefalia (dos cabezas) o Dualidad de Poder Pol\u00edtico. \u2013 Un fen\u00f3meno analizado cuando un liderazgo hist\u00f3rico (Plutarco El\u00edas Calles, El Maximato\u2026 AMLO, El Obradorato) mantiene una enorme influencia sobre las estructuras del Partido gobernante, lo que confirma, por decir lo menos, que\u2026","rel":"","context":"En \u00abOPINI\u00d3N\u00bb","block_context":{"text":"OPINI\u00d3N","link":"https:\/\/politicosaldesnudo.com.mx\/index.php\/category\/columnistas\/"},"img":{"alt_text":"","src":"https:\/\/i0.wp.com\/politicosaldesnudo.com.mx\/wp-content\/uploads\/2026\/08\/silva-3108.png?fit=1200%2C659&ssl=1&resize=350%2C200","width":350,"height":200,"srcset":"https:\/\/i0.wp.com\/politicosaldesnudo.com.mx\/wp-content\/uploads\/2026\/08\/silva-3108.png?fit=1200%2C659&ssl=1&resize=350%2C200 1x, https:\/\/i0.wp.com\/politicosaldesnudo.com.mx\/wp-content\/uploads\/2026\/08\/silva-3108.png?fit=1200%2C659&ssl=1&resize=525%2C300 1.5x, https:\/\/i0.wp.com\/politicosaldesnudo.com.mx\/wp-content\/uploads\/2026\/08\/silva-3108.png?fit=1200%2C659&ssl=1&resize=700%2C400 2x, https:\/\/i0.wp.com\/politicosaldesnudo.com.mx\/wp-content\/uploads\/2026\/08\/silva-3108.png?fit=1200%2C659&ssl=1&resize=1050%2C600 3x"},"classes":[]}],"jetpack_sharing_enabled":true,"jetpack_featured_media_url":"https:\/\/i0.wp.com\/politicosaldesnudo.com.mx\/wp-content\/uploads\/2022\/05\/P-BELICE1.png?fit=1816%2C1016&ssl=1","_links":{"self":[{"href":"https:\/\/politicosaldesnudo.com.mx\/index.php\/wp-json\/wp\/v2\/posts\/4950","targetHints":{"allow":["GET"]}}],"collection":[{"href":"https:\/\/politicosaldesnudo.com.mx\/index.php\/wp-json\/wp\/v2\/posts"}],"about":[{"href":"https:\/\/politicosaldesnudo.com.mx\/index.php\/wp-json\/wp\/v2\/types\/post"}],"author":[{"embeddable":true,"href":"https:\/\/politicosaldesnudo.com.mx\/index.php\/wp-json\/wp\/v2\/users\/4"}],"replies":[{"embeddable":true,"href":"https:\/\/politicosaldesnudo.com.mx\/index.php\/wp-json\/wp\/v2\/comments?post=4950"}],"version-history":[{"count":0,"href":"https:\/\/politicosaldesnudo.com.mx\/index.php\/wp-json\/wp\/v2\/posts\/4950\/revisions"}],"wp:featuredmedia":[{"embeddable":true,"href":"https:\/\/politicosaldesnudo.com.mx\/index.php\/wp-json\/wp\/v2\/media\/4952"}],"wp:attachment":[{"href":"https:\/\/politicosaldesnudo.com.mx\/index.php\/wp-json\/wp\/v2\/media?parent=4950"}],"wp:term":[{"taxonomy":"category","embeddable":true,"href":"https:\/\/politicosaldesnudo.com.mx\/index.php\/wp-json\/wp\/v2\/categories?post=4950"},{"taxonomy":"post_tag","embeddable":true,"href":"https:\/\/politicosaldesnudo.com.mx\/index.php\/wp-json\/wp\/v2\/tags?post=4950"}],"curies":[{"name":"wp","href":"https:\/\/api.w.org\/{rel}","templated":true}]}}