{"id":49520,"date":"2024-11-01T00:06:46","date_gmt":"2024-11-01T06:06:46","guid":{"rendered":"https:\/\/politicosaldesnudo.com.mx\/?p=49520"},"modified":"2024-10-31T20:57:34","modified_gmt":"2024-11-01T02:57:34","slug":"rio-coatzacoalcos-inunda-64-comunidades-en-minatitlan-mas-de-3-mil-familias-afectadas","status":"publish","type":"post","link":"https:\/\/politicosaldesnudo.com.mx\/index.php\/2024\/11\/01\/rio-coatzacoalcos-inunda-64-comunidades-en-minatitlan-mas-de-3-mil-familias-afectadas\/","title":{"rendered":"R\u00edo Coatzacoalcos inunda 64 comunidades en Minatitl\u00e1n; m\u00e1s de 3 mil familias afectadas"},"content":{"rendered":"<p><span style=\"font-size: 14pt;\">\u00a0Habitantes\u00a0de la zona rural de\u00a0Minatitl\u00e1n\u00a0son los m\u00e1s\u00a0afectados\u00a0a causa de la\u00a0creciente\u00a0del\u00a0r\u00edo Coatzacoalcos; la\u00a0actividad\u00a0econ\u00f3mica\u00a0se\u00a0detuvo\u00a0por completo en los poblados por lo que las personas han recurrido a\u00a0buscar peces\u00a0en la creciente para\u00a0alimentarse.<\/span><\/p>\n<p><span style=\"font-size: 14pt;\">De acuerdo con informes de la direcci\u00f3n municipal de\u00a0Protecci\u00f3n Civil, el desbordamiento del r\u00edo caus\u00f3\u00a0inundaciones\u00a0en\u00a064 comunidades, en agravio de alrededor de\u00a03 mil familias.<\/span><\/p>\n<p><span style=\"font-size: 14pt;\">Durante un recorrido realizado por la zona rural se pudo dialogar con habitantes de los\u00a0poblados Capoacan y Boca de Uxpanapa, quienes sostienen que en esos lugares\u00a0no han recibido ayuda\u00a0por parte de alguna autoridad.<\/span><\/p>\n","protected":false},"excerpt":{"rendered":"<p>\u00a0Habitantes\u00a0de la zona rural de\u00a0Minatitl\u00e1n\u00a0son los m\u00e1s\u00a0afectados\u00a0a causa de la\u00a0creciente\u00a0del\u00a0r\u00edo Coatzacoalcos; la\u00a0actividad\u00a0econ\u00f3mica\u00a0se\u00a0detuvo\u00a0por completo en los poblados por lo que las<\/p>\n","protected":false},"author":4,"featured_media":49521,"comment_status":"closed","ping_status":"closed","sticky":false,"template":"","format":"standard","meta":{"colormag_page_container_layout":"default_layout","colormag_page_sidebar_layout":"default_layout","_jetpack_memberships_contains_paid_content":false,"footnotes":"","jetpack_publicize_message":"","jetpack_publicize_feature_enabled":true,"jetpack_social_post_already_shared":false,"jetpack_social_options":{"image_generator_settings":{"template":"highway","default_image_id":0,"font":"","enabled":false},"version":2}},"categories":[33],"tags":[],"class_list":["post-49520","post","type-post","status-publish","format-standard","has-post-thumbnail","hentry","category-nacional"],"jetpack_publicize_connections":[],"jetpack_featured_media_url":"https:\/\/i0.wp.com\/politicosaldesnudo.com.mx\/wp-content\/uploads\/2024\/10\/Rio-Coatzacoalcos-inunda-64-comunidades-en-Minatitlan.jpg?fit=768%2C479&ssl=1","jetpack-related-posts":[],"jetpack_sharing_enabled":true,"_links":{"self":[{"href":"https:\/\/politicosaldesnudo.com.mx\/index.php\/wp-json\/wp\/v2\/posts\/49520","targetHints":{"allow":["GET"]}}],"collection":[{"href":"https:\/\/politicosaldesnudo.com.mx\/index.php\/wp-json\/wp\/v2\/posts"}],"about":[{"href":"https:\/\/politicosaldesnudo.com.mx\/index.php\/wp-json\/wp\/v2\/types\/post"}],"author":[{"embeddable":true,"href":"https:\/\/politicosaldesnudo.com.mx\/index.php\/wp-json\/wp\/v2\/users\/4"}],"replies":[{"embeddable":true,"href":"https:\/\/politicosaldesnudo.com.mx\/index.php\/wp-json\/wp\/v2\/comments?post=49520"}],"version-history":[{"count":0,"href":"https:\/\/politicosaldesnudo.com.mx\/index.php\/wp-json\/wp\/v2\/posts\/49520\/revisions"}],"wp:featuredmedia":[{"embeddable":true,"href":"https:\/\/politicosaldesnudo.com.mx\/index.php\/wp-json\/wp\/v2\/media\/49521"}],"wp:attachment":[{"href":"https:\/\/politicosaldesnudo.com.mx\/index.php\/wp-json\/wp\/v2\/media?parent=49520"}],"wp:term":[{"taxonomy":"category","embeddable":true,"href":"https:\/\/politicosaldesnudo.com.mx\/index.php\/wp-json\/wp\/v2\/categories?post=49520"},{"taxonomy":"post_tag","embeddable":true,"href":"https:\/\/politicosaldesnudo.com.mx\/index.php\/wp-json\/wp\/v2\/tags?post=49520"}],"curies":[{"name":"wp","href":"https:\/\/api.w.org\/{rel}","templated":true}]}}